{"id":9062,"date":"2025-09-02T17:44:47","date_gmt":"2025-09-02T14:44:47","guid":{"rendered":"https:\/\/live-kora-tv.com\/la-commission-tunisienne-de-lenergie-atomique-adopte-un-programme-cadre-pour-lutilisation-sure-des-technologies-nucleaires\/"},"modified":"2025-09-02T17:44:49","modified_gmt":"2025-09-02T14:44:49","slug":"la-commission-tunisienne-de-lenergie-atomique-adopte-un-programme-cadre-pour-lutilisation-sure-des-technologies-nucleaires","status":"publish","type":"post","link":"https:\/\/live-kora-tv.com\/fr\/la-commission-tunisienne-de-lenergie-atomique-adopte-un-programme-cadre-pour-lutilisation-sure-des-technologies-nucleaires\/","title":{"rendered":"La Commission tunisienne de l&rsquo;\u00e9nergie atomique adopte un programme-cadre pour l&rsquo;utilisation s\u00fbre des technologies nucl\u00e9aires"},"content":{"rendered":"\n<p>Lors de sa r\u00e9union du lundi 1er septembre 2025, pr\u00e9sid\u00e9e par le ministre de l&rsquo;Enseignement sup\u00e9rieur et de la Recherche scientifique Monzer Belaid, le Comit\u00e9 national de l&rsquo;\u00e9nergie atomique a approuv\u00e9 le programme-cadre pour les ann\u00e9es 2025-2029, consid\u00e9r\u00e9 comme un cadre strat\u00e9gique pour assurer l&rsquo;utilisation s\u00fbre et responsable des technologies nucl\u00e9aires, renforcer les engagements internationaux de la Tunisie et soutenir la r\u00e9alisation des objectifs de d\u00e9veloppement durable.      <\/p>\n\n<p>Le minist\u00e8re de l&rsquo;enseignement sup\u00e9rieur et de la recherche scientifique a d\u00e9clar\u00e9 dans un communiqu\u00e9 mardi que ce programme constitue la principale r\u00e9f\u00e9rence pour guider les applications de la science et de la technologie nucl\u00e9aires conform\u00e9ment aux priorit\u00e9s de d\u00e9veloppement nationales.  <\/p>\n\n<p>Le directeur g\u00e9n\u00e9ral du Centre national des sciences et technologies nucl\u00e9aires, Haitham Saghir, ainsi que des membres du comit\u00e9 issus de diff\u00e9rents minist\u00e8res et structures concern\u00e9s ont particip\u00e9 \u00e0 la r\u00e9union.  <\/p>\n\n<p>Au cours de la r\u00e9union, l&rsquo;accent a \u00e9t\u00e9 mis sur l&rsquo;importance d&rsquo;acc\u00e9l\u00e9rer les proc\u00e9dures de publication du projet de loi-cadre sur les utilisations pacifiques de l&rsquo;\u00e9nergie atomique et des technologies nucl\u00e9aires, de suivre la mise en \u0153uvre du programme de coop\u00e9ration technique avec l&rsquo;AIEA et de renforcer les capacit\u00e9s nationales dans le domaine de la s\u00e9curit\u00e9 nucl\u00e9aire et de la lutte contre les utilisations ill\u00e9gales de mati\u00e8res radioactives.   <\/p>\n","protected":false},"excerpt":{"rendered":"<p>Lors de sa r\u00e9union du lundi 1er septembre 2025, pr\u00e9sid\u00e9e par le ministre de l&rsquo;Enseignement sup\u00e9rieur et de la Recherche scientifique Monzer Belaid, le Comit\u00e9 national de l&rsquo;\u00e9nergie atomique a approuv\u00e9 le programme-cadre pour les ann\u00e9es 2025-2029, consid\u00e9r\u00e9 comme un cadre strat\u00e9gique pour assurer l&rsquo;utilisation s\u00fbre et responsable des technologies nucl\u00e9aires, renforcer les engagements internationaux [&hellip;]<\/p>\n","protected":false},"author":6,"featured_media":9060,"comment_status":"open","ping_status":"open","sticky":false,"template":"","format":"standard","meta":{"footnotes":""},"categories":[25],"tags":[],"class_list":{"0":"post-9062","1":"post","2":"type-post","3":"status-publish","4":"format-standard","5":"has-post-thumbnail","7":"category-actualites-politiques"},"_links":{"self":[{"href":"https:\/\/live-kora-tv.com\/fr\/wp-json\/wp\/v2\/posts\/9062","targetHints":{"allow":["GET"]}}],"collection":[{"href":"https:\/\/live-kora-tv.com\/fr\/wp-json\/wp\/v2\/posts"}],"about":[{"href":"https:\/\/live-kora-tv.com\/fr\/wp-json\/wp\/v2\/types\/post"}],"author":[{"embeddable":true,"href":"https:\/\/live-kora-tv.com\/fr\/wp-json\/wp\/v2\/users\/6"}],"replies":[{"embeddable":true,"href":"https:\/\/live-kora-tv.com\/fr\/wp-json\/wp\/v2\/comments?post=9062"}],"version-history":[{"count":1,"href":"https:\/\/live-kora-tv.com\/fr\/wp-json\/wp\/v2\/posts\/9062\/revisions"}],"predecessor-version":[{"id":9063,"href":"https:\/\/live-kora-tv.com\/fr\/wp-json\/wp\/v2\/posts\/9062\/revisions\/9063"}],"wp:featuredmedia":[{"embeddable":true,"href":"https:\/\/live-kora-tv.com\/fr\/wp-json\/wp\/v2\/media\/9060"}],"wp:attachment":[{"href":"https:\/\/live-kora-tv.com\/fr\/wp-json\/wp\/v2\/media?parent=9062"}],"wp:term":[{"taxonomy":"category","embeddable":true,"href":"https:\/\/live-kora-tv.com\/fr\/wp-json\/wp\/v2\/categories?post=9062"},{"taxonomy":"post_tag","embeddable":true,"href":"https:\/\/live-kora-tv.com\/fr\/wp-json\/wp\/v2\/tags?post=9062"}],"curies":[{"name":"wp","href":"https:\/\/api.w.org\/{rel}","templated":true}]}}