{"id":9076,"date":"2025-09-03T10:05:57","date_gmt":"2025-09-03T07:05:57","guid":{"rendered":"https:\/\/live-kora-tv.com\/trump-accuse-xi-jinping-poutine-et-kim-de-comploter-contre-les-etats-unis\/"},"modified":"2025-09-03T10:05:59","modified_gmt":"2025-09-03T07:05:59","slug":"trump-accuse-xi-jinping-poutine-et-kim-de-comploter-contre-les-etats-unis","status":"publish","type":"post","link":"https:\/\/live-kora-tv.com\/fr\/trump-accuse-xi-jinping-poutine-et-kim-de-comploter-contre-les-etats-unis\/","title":{"rendered":"Trump accuse Xi Jinping, Poutine et Kim de comploter contre les \u00c9tats-Unis"},"content":{"rendered":"\n<p>Le pr\u00e9sident am\u00e9ricain Donald Trump a accus\u00e9 mercredi (3 septembre 2025) le pr\u00e9sident chinois Xi Jinping de comploter contre les \u00c9tats-Unis en collaboration avec le pr\u00e9sident russe Vladimir Poutine et le dirigeant nord-cor\u00e9en Kim Jong-un, alors qu&rsquo;ils assistaient \u00e0 un gigantesque d\u00e9fil\u00e9 militaire \u00e0 P\u00e9kin pour marquer le 80e anniversaire de la fin de la Seconde Guerre mondiale.   <\/p>\n\n<p>Dans un message publi\u00e9 sur sa plateforme TruthSocial, M. Trump a \u00e9crit de mani\u00e8re sarcastique : \u00ab\u00a0Je souhaite au pr\u00e9sident Xi et au grand peuple chinois une merveilleuse journ\u00e9e de festivit\u00e9s : \u00ab\u00a0Je souhaite au pr\u00e9sident Xi et au grand peuple chinois une merveilleuse journ\u00e9e de festivit\u00e9s. Veuillez transmettre mes meilleures salutations \u00e0 Vladimir Poutine et Kim Jong-un qui conspirent contre les \u00c9tats-Unis d&rsquo;Am\u00e9rique.\u00a0\u00bb \u00ab\u00a0La grande question est de savoir si le pr\u00e9sident Xi se souviendra de l&rsquo;\u00e9norme soutien et du sang que les \u00c9tats-Unis ont donn\u00e9 \u00e0 la Chine pour l&rsquo;aider \u00e0 retrouver sa libert\u00e9 face \u00e0 un occupant \u00e9tranger. De nombreux Am\u00e9ricains sont morts pour la victoire et la gloire de la Chine, et j&rsquo;esp\u00e8re qu&rsquo;ils seront honor\u00e9s et qu&rsquo;on se souviendra d&rsquo;eux pour leur courage et leur sacrifice\u00a0\u00bb.     <\/p>\n\n<p><strong>Le d\u00e9fil\u00e9 militaire<\/strong> s&rsquo;est d\u00e9roul\u00e9 sur la place Tiananmen \u00e0 P\u00e9kin, en pr\u00e9sence de plus de 20 chefs d&rsquo;\u00c9tat, dont Poutine et Kim Jong-un, ainsi que de personnalit\u00e9s internationales telles que le Premier ministre pakistanais Shahbaz Sharif et le pr\u00e9sident des Maldives Mohamed Moiso. Xi Jinping a conduit les invit\u00e9s sur le tapis rouge, avec Poutine \u00e0 sa droite et Kim \u00e0 sa gauche, dans une sc\u00e8ne symbolique qui souligne le rapprochement entre les trois pays. Lors du d\u00e9fil\u00e9, qui comprenait une pr\u00e9sentation de missiles HQ-9C et d&rsquo;avions de chasse modernes, M. Xi a soulign\u00e9 l&rsquo;engagement de la Chine en faveur de la paix dans le monde, tout en appelant \u00e0 \u00e9viter \u00ab\u00a0l&rsquo;h\u00e9g\u00e9monie et la politique de puissance\u00a0\u00bb.          <\/p>\n\n<p>Les d\u00e9clarations de Trump sont intervenues dans un contexte de <strong>tensions<\/strong> g\u00e9opolitiques croissantes, les analystes estimant que le d\u00e9fil\u00e9 militaire refl\u00e8te le renforcement des relations entre la Chine, la Russie et la Cor\u00e9e du Nord, en particulier apr\u00e8s la signature d&rsquo;accords de d\u00e9fense entre Moscou et Pyongyang en juin 2024. En r\u00e9ponse aux inqui\u00e9tudes de M. Trump, il a soulign\u00e9 lors d&rsquo;une interview \u00e0 la radio : \u00ab\u00a0Je ne suis pas du tout inquiet : \u00ab\u00a0Je ne suis pas du tout inquiet, nous avons l&rsquo;arm\u00e9e la plus puissante du monde, et ils n&rsquo;oseront pas utiliser leur puissance militaire contre nous\u00a0\u00bb. Cependant, le march\u00e9 mondial reste prudent quant \u00e0 l&rsquo;impact de ces relations sur la stabilit\u00e9 \u00e9nerg\u00e9tique, les prix du p\u00e9trole ayant augment\u00e9 en raison du ralentissement des n\u00e9gociations de paix entre la Russie et l&rsquo;Ukraine.           <\/p>\n","protected":false},"excerpt":{"rendered":"<p>Le pr\u00e9sident am\u00e9ricain Donald Trump a accus\u00e9 mercredi (3 septembre 2025) le pr\u00e9sident chinois Xi Jinping de comploter contre les \u00c9tats-Unis en collaboration avec le pr\u00e9sident russe Vladimir Poutine et le dirigeant nord-cor\u00e9en Kim Jong-un, alors qu&rsquo;ils assistaient \u00e0 un gigantesque d\u00e9fil\u00e9 militaire \u00e0 P\u00e9kin pour marquer le 80e anniversaire de la fin de la [&hellip;]<\/p>\n","protected":false},"author":4,"featured_media":9074,"comment_status":"open","ping_status":"open","sticky":false,"template":"","format":"standard","meta":{"footnotes":""},"categories":[69],"tags":[],"class_list":{"0":"post-9076","1":"post","2":"type-post","3":"status-publish","4":"format-standard","5":"has-post-thumbnail","7":"category-nouvelles-du-monde"},"_links":{"self":[{"href":"https:\/\/live-kora-tv.com\/fr\/wp-json\/wp\/v2\/posts\/9076","targetHints":{"allow":["GET"]}}],"collection":[{"href":"https:\/\/live-kora-tv.com\/fr\/wp-json\/wp\/v2\/posts"}],"about":[{"href":"https:\/\/live-kora-tv.com\/fr\/wp-json\/wp\/v2\/types\/post"}],"author":[{"embeddable":true,"href":"https:\/\/live-kora-tv.com\/fr\/wp-json\/wp\/v2\/users\/4"}],"replies":[{"embeddable":true,"href":"https:\/\/live-kora-tv.com\/fr\/wp-json\/wp\/v2\/comments?post=9076"}],"version-history":[{"count":1,"href":"https:\/\/live-kora-tv.com\/fr\/wp-json\/wp\/v2\/posts\/9076\/revisions"}],"predecessor-version":[{"id":9077,"href":"https:\/\/live-kora-tv.com\/fr\/wp-json\/wp\/v2\/posts\/9076\/revisions\/9077"}],"wp:featuredmedia":[{"embeddable":true,"href":"https:\/\/live-kora-tv.com\/fr\/wp-json\/wp\/v2\/media\/9074"}],"wp:attachment":[{"href":"https:\/\/live-kora-tv.com\/fr\/wp-json\/wp\/v2\/media?parent=9076"}],"wp:term":[{"taxonomy":"category","embeddable":true,"href":"https:\/\/live-kora-tv.com\/fr\/wp-json\/wp\/v2\/categories?post=9076"},{"taxonomy":"post_tag","embeddable":true,"href":"https:\/\/live-kora-tv.com\/fr\/wp-json\/wp\/v2\/tags?post=9076"}],"curies":[{"name":"wp","href":"https:\/\/api.w.org\/{rel}","templated":true}]}}