{"id":909,"date":"2024-12-03T12:39:12","date_gmt":"2024-12-03T12:39:12","guid":{"rendered":"https:\/\/live-kora-tv.com\/?p=909"},"modified":"2024-12-03T12:39:14","modified_gmt":"2024-12-03T12:39:14","slug":"pluies-eparses-sur-le-nord-de-la-tunisie-les-regions-concernees","status":"publish","type":"post","link":"https:\/\/live-kora-tv.com\/fr\/pluies-eparses-sur-le-nord-de-la-tunisie-les-regions-concernees\/","title":{"rendered":"Pluies \u00e9parses sur le nord de la Tunisie : les r\u00e9gions concern\u00e9es"},"content":{"rendered":"\n<p>L\u2019Institut national de la m\u00e9t\u00e9orologie (INM) a indiqu\u00e9 que des <strong>conditions m\u00e9t\u00e9orologiques instables<\/strong> sont actuellement observ\u00e9es dans plusieurs r\u00e9gions du nord du pays.<\/p>\n\n\n\n<p>Des <strong>nuages denses<\/strong> accompagn\u00e9s de <strong>pluies parfois orageuses<\/strong> affectent notamment la r\u00e9gion de <strong>Bizerte<\/strong> ainsi que le nord des gouvernorats de <strong>B\u00e9ja<\/strong> et de <strong>Nabeul<\/strong>.<\/p>\n\n\n\n<p>L\u2019INM pr\u00e9voit que ces intemp\u00e9ries s\u2019\u00e9tendront progressivement pour toucher l\u2019ensemble des r\u00e9gions c\u00f4ti\u00e8res du nord dans l\u2019apr\u00e8s-midi avant de s\u2019estomper.<\/p>\n\n\n\n<p>Les citoyens des zones concern\u00e9es sont invit\u00e9s \u00e0 rester vigilants face aux possibles perturbations li\u00e9es aux conditions climatiques.<\/p>\n","protected":false},"excerpt":{"rendered":"<p>L\u2019Institut national de la m\u00e9t\u00e9orologie (INM) a indiqu\u00e9 que des conditions m\u00e9t\u00e9orologiques instables sont actuellement observ\u00e9es dans plusieurs r\u00e9gions du nord du pays. Des nuages denses accompagn\u00e9s de pluies parfois orageuses affectent notamment la r\u00e9gion de Bizerte ainsi que le nord des gouvernorats de B\u00e9ja et de Nabeul. L\u2019INM pr\u00e9voit que ces intemp\u00e9ries s\u2019\u00e9tendront progressivement [&hellip;]<\/p>\n","protected":false},"author":1,"featured_media":910,"comment_status":"open","ping_status":"open","sticky":false,"template":"","format":"standard","meta":{"footnotes":""},"categories":[23],"tags":[],"class_list":{"0":"post-909","1":"post","2":"type-post","3":"status-publish","4":"format-standard","5":"has-post-thumbnail","7":"category-culture-et-societe"},"_links":{"self":[{"href":"https:\/\/live-kora-tv.com\/fr\/wp-json\/wp\/v2\/posts\/909","targetHints":{"allow":["GET"]}}],"collection":[{"href":"https:\/\/live-kora-tv.com\/fr\/wp-json\/wp\/v2\/posts"}],"about":[{"href":"https:\/\/live-kora-tv.com\/fr\/wp-json\/wp\/v2\/types\/post"}],"author":[{"embeddable":true,"href":"https:\/\/live-kora-tv.com\/fr\/wp-json\/wp\/v2\/users\/1"}],"replies":[{"embeddable":true,"href":"https:\/\/live-kora-tv.com\/fr\/wp-json\/wp\/v2\/comments?post=909"}],"version-history":[{"count":1,"href":"https:\/\/live-kora-tv.com\/fr\/wp-json\/wp\/v2\/posts\/909\/revisions"}],"predecessor-version":[{"id":912,"href":"https:\/\/live-kora-tv.com\/fr\/wp-json\/wp\/v2\/posts\/909\/revisions\/912"}],"wp:featuredmedia":[{"embeddable":true,"href":"https:\/\/live-kora-tv.com\/fr\/wp-json\/wp\/v2\/media\/910"}],"wp:attachment":[{"href":"https:\/\/live-kora-tv.com\/fr\/wp-json\/wp\/v2\/media?parent=909"}],"wp:term":[{"taxonomy":"category","embeddable":true,"href":"https:\/\/live-kora-tv.com\/fr\/wp-json\/wp\/v2\/categories?post=909"},{"taxonomy":"post_tag","embeddable":true,"href":"https:\/\/live-kora-tv.com\/fr\/wp-json\/wp\/v2\/tags?post=909"}],"curies":[{"name":"wp","href":"https:\/\/api.w.org\/{rel}","templated":true}]}}