{"id":9092,"date":"2025-09-03T12:48:20","date_gmt":"2025-09-03T09:48:20","guid":{"rendered":"https:\/\/live-kora-tv.com\/la-tunisie-entame-les-premieres-demarches-en-vue-dobtenir-une-designation-internationale-pour-les-equipes-medicales-durgence\/"},"modified":"2025-09-03T12:48:22","modified_gmt":"2025-09-03T09:48:22","slug":"la-tunisie-entame-les-premieres-demarches-en-vue-dobtenir-une-designation-internationale-pour-les-equipes-medicales-durgence","status":"publish","type":"post","link":"https:\/\/live-kora-tv.com\/fr\/la-tunisie-entame-les-premieres-demarches-en-vue-dobtenir-une-designation-internationale-pour-les-equipes-medicales-durgence\/","title":{"rendered":"La Tunisie entame les premi\u00e8res d\u00e9marches en vue d&rsquo;obtenir une d\u00e9signation internationale pour les \u00e9quipes m\u00e9dicales d&rsquo;urgence"},"content":{"rendered":"\n<p>La Tunisie a entam\u00e9 les premi\u00e8res d\u00e9marches pratiques pour l&rsquo;obtention de la classification internationale des \u00e9quipes m\u00e9dicales d&rsquo;urgence (ICEMT), d\u00e9cern\u00e9e par l&rsquo;Organisation mondiale de la sant\u00e9 (OMS) aux \u00e9quipes qualifi\u00e9es pour intervenir rapidement en cas de crise ou de catastrophe. Selon un communiqu\u00e9 publi\u00e9 mardi par l&rsquo;OMS, le minist\u00e8re tunisien de la sant\u00e9, en collaboration avec l&rsquo;OMS, a organis\u00e9 un atelier r\u00e9unissant des experts locaux et internationaux, dont un expert mondial sp\u00e9cialis\u00e9 dans l&rsquo;orientation et le suivi de la classification internationale des \u00e9quipes m\u00e9dicales d&rsquo;urgence dans le monde.      <\/p>\n\n<p>L&rsquo;atelier de deux jours s&rsquo;est concentr\u00e9 sur l&rsquo;\u00e9laboration de plans pratiques et sp\u00e9cifiques pour assurer une r\u00e9ponse rapide et la coordination des efforts entre les diff\u00e9rentes structures sanitaires et logistiques afin de prot\u00e9ger les vies dans des circonstances extr\u00eames. Les participants ont discut\u00e9 des m\u00e9canismes d&rsquo;organisation du travail, de r\u00e9partition des responsabilit\u00e9s et de pr\u00e9paration \u00e0 divers sc\u00e9narios, dans le but de pr\u00e9parer un guide pratique pouvant \u00eatre adopt\u00e9 en cas d&rsquo;urgence.      <\/p>\n\n<p>L&rsquo;atelier comprenait une visite sur le terrain au quartier g\u00e9n\u00e9ral de la protection civile, o\u00f9 les experts ont \u00e9t\u00e9 inform\u00e9s des capacit\u00e9s disponibles et du niveau de pr\u00e9paration, en soulignant l&rsquo;importance de la coordination entre les m\u00e9decins, le personnel de sant\u00e9 et les unit\u00e9s de protection civile pour garantir une r\u00e9ponse efficace aux crises.    <\/p>\n\n<p>Cette activit\u00e9 s&rsquo;inscrit dans le cadre du soutien aux efforts du Minist\u00e8re de la Sant\u00e9, notamment l&rsquo;Unit\u00e9 de M\u00e9decine d&rsquo;Urgence, en coop\u00e9ration avec la Direction G\u00e9n\u00e9rale de la Protection Civile, pour permettre \u00e0 la Tunisie d&rsquo;obtenir \u00e0 l&rsquo;avenir cette prestigieuse classification internationale. Cette r\u00e9ussite permettra \u00e0 la Tunisie de rejoindre le r\u00e9seau mondial des \u00e9quipes d&rsquo;intervention m\u00e9dicale d&rsquo;urgence, favorisant ainsi l&rsquo;\u00e9change d&rsquo;expertise avec d&rsquo;autres pays.     <\/p>\n","protected":false},"excerpt":{"rendered":"<p>La Tunisie a entam\u00e9 les premi\u00e8res d\u00e9marches pratiques pour l&rsquo;obtention de la classification internationale des \u00e9quipes m\u00e9dicales d&rsquo;urgence (ICEMT), d\u00e9cern\u00e9e par l&rsquo;Organisation mondiale de la sant\u00e9 (OMS) aux \u00e9quipes qualifi\u00e9es pour intervenir rapidement en cas de crise ou de catastrophe. Selon un communiqu\u00e9 publi\u00e9 mardi par l&rsquo;OMS, le minist\u00e8re tunisien de la sant\u00e9, en collaboration [&hellip;]<\/p>\n","protected":false},"author":4,"featured_media":9086,"comment_status":"open","ping_status":"open","sticky":false,"template":"","format":"standard","meta":{"footnotes":""},"categories":[26],"tags":[],"class_list":{"0":"post-9092","1":"post","2":"type-post","3":"status-publish","4":"format-standard","5":"has-post-thumbnail","7":"category-sante"},"_links":{"self":[{"href":"https:\/\/live-kora-tv.com\/fr\/wp-json\/wp\/v2\/posts\/9092","targetHints":{"allow":["GET"]}}],"collection":[{"href":"https:\/\/live-kora-tv.com\/fr\/wp-json\/wp\/v2\/posts"}],"about":[{"href":"https:\/\/live-kora-tv.com\/fr\/wp-json\/wp\/v2\/types\/post"}],"author":[{"embeddable":true,"href":"https:\/\/live-kora-tv.com\/fr\/wp-json\/wp\/v2\/users\/4"}],"replies":[{"embeddable":true,"href":"https:\/\/live-kora-tv.com\/fr\/wp-json\/wp\/v2\/comments?post=9092"}],"version-history":[{"count":1,"href":"https:\/\/live-kora-tv.com\/fr\/wp-json\/wp\/v2\/posts\/9092\/revisions"}],"predecessor-version":[{"id":9093,"href":"https:\/\/live-kora-tv.com\/fr\/wp-json\/wp\/v2\/posts\/9092\/revisions\/9093"}],"wp:featuredmedia":[{"embeddable":true,"href":"https:\/\/live-kora-tv.com\/fr\/wp-json\/wp\/v2\/media\/9086"}],"wp:attachment":[{"href":"https:\/\/live-kora-tv.com\/fr\/wp-json\/wp\/v2\/media?parent=9092"}],"wp:term":[{"taxonomy":"category","embeddable":true,"href":"https:\/\/live-kora-tv.com\/fr\/wp-json\/wp\/v2\/categories?post=9092"},{"taxonomy":"post_tag","embeddable":true,"href":"https:\/\/live-kora-tv.com\/fr\/wp-json\/wp\/v2\/tags?post=9092"}],"curies":[{"name":"wp","href":"https:\/\/api.w.org\/{rel}","templated":true}]}}