{"id":9100,"date":"2025-09-03T15:28:34","date_gmt":"2025-09-03T12:28:34","guid":{"rendered":"https:\/\/live-kora-tv.com\/le-depart-de-la-flottille-tunisienne-de-soutien-a-gaza-est-reporte-en-raison-des-conditions-meteorologiques\/"},"modified":"2025-09-03T15:28:36","modified_gmt":"2025-09-03T12:28:36","slug":"le-depart-de-la-flottille-tunisienne-de-soutien-a-gaza-est-reporte-en-raison-des-conditions-meteorologiques","status":"publish","type":"post","link":"https:\/\/live-kora-tv.com\/fr\/le-depart-de-la-flottille-tunisienne-de-soutien-a-gaza-est-reporte-en-raison-des-conditions-meteorologiques\/","title":{"rendered":"Le d\u00e9part de la flottille tunisienne de soutien \u00e0 Gaza est report\u00e9 en raison des conditions m\u00e9t\u00e9orologiques"},"content":{"rendered":"\n<p><strong>Wael Nawar<\/strong>, membre du comit\u00e9 de la <strong>flottille mondiale de la r\u00e9silience<\/strong> en faveur de Gaza, a annonc\u00e9 que le d\u00e9part de la flottille de la Tunisie vers Gaza a \u00e9t\u00e9 report\u00e9 d&rsquo;un ou deux jours, alors qu&rsquo;il \u00e9tait pr\u00e9vu pour le jeudi 4 septembre 2025. Ce report vise \u00e0 assurer la coordination avec la flottille mondiale en provenance d&rsquo;Espagne, qui a \u00e9galement \u00e9t\u00e9 retard\u00e9e en raison des mauvaises conditions m\u00e9t\u00e9orologiques.    <\/p>\n\n<p>Dans une d\u00e9claration faite \u00e0 <strong>Expresso<\/strong> le mercredi 3 septembre 2025, M. Nawar a expliqu\u00e9 que l&rsquo;objectif \u00e9tait d&rsquo;assurer le lancement simultan\u00e9 de toutes les flottes. La communication est en cours avec les parties participantes pour d\u00e9terminer la date finale, a-t-il dit, notant que le lancement aura lieu avant la fin de la semaine. Plus de dix navires et 200<strong>participants de<\/strong> diff\u00e9rentes nationalit\u00e9s, dont <strong>127 Tunisiens, ainsi que des parlementaires<\/strong>, des artistes et des personnalit\u00e9s, prennent part \u00e0 la flotte.     <\/p>\n\n<p>La flottille mondiale est r\u00e9partie dans plusieurs ports importants, notamment en Tunisie, en Espagne, en Italie et en Gr\u00e8ce. La flottille espagnole a commenc\u00e9 son voyage en premier en raison de la distance qui la s\u00e9pare de Gaza. Elle devait rejoindre la flottille tunisienne jeudi, mais les conditions m\u00e9t\u00e9orologiques ont retard\u00e9 son arriv\u00e9e jusqu&rsquo;au 6 septembre, et la flottille italienne l&rsquo;a rejointe plus tard en mer.     <\/p>\n\n<p>La flottille transporte diverses aides humanitaires, notamment des m\u00e9dicaments et du lait maternis\u00e9, dans le but de briser le si\u00e8ge impos\u00e9 \u00e0 Gaza et d&rsquo;ouvrir un couloir humanitaire pour l&rsquo;acheminement de l&rsquo;aide urgente. Nawar a not\u00e9 que la participation mondiale \u00e0 cette initiative, qui comprend plus de <strong>100 nationalit\u00e9s<\/strong> et 44<strong>d\u00e9l\u00e9gations<\/strong> de diff\u00e9rents peuples, refl\u00e8te la dimension humanitaire et solidaire de ce projet. L&rsquo;inscription des participants et des dons m\u00e9dicaux et alimentaires s&rsquo;est achev\u00e9e la semaine derni\u00e8re apr\u00e8s le t\u00e9l\u00e9chargement.      <\/p>\n","protected":false},"excerpt":{"rendered":"<p>Wael Nawar, membre du comit\u00e9 de la flottille mondiale de la r\u00e9silience en faveur de Gaza, a annonc\u00e9 que le d\u00e9part de la flottille de la Tunisie vers Gaza a \u00e9t\u00e9 report\u00e9 d&rsquo;un ou deux jours, alors qu&rsquo;il \u00e9tait pr\u00e9vu pour le jeudi 4 septembre 2025. Ce report vise \u00e0 assurer la coordination avec la [&hellip;]<\/p>\n","protected":false},"author":4,"featured_media":9098,"comment_status":"open","ping_status":"open","sticky":false,"template":"","format":"standard","meta":{"footnotes":""},"categories":[69],"tags":[],"class_list":{"0":"post-9100","1":"post","2":"type-post","3":"status-publish","4":"format-standard","5":"has-post-thumbnail","7":"category-nouvelles-du-monde"},"_links":{"self":[{"href":"https:\/\/live-kora-tv.com\/fr\/wp-json\/wp\/v2\/posts\/9100","targetHints":{"allow":["GET"]}}],"collection":[{"href":"https:\/\/live-kora-tv.com\/fr\/wp-json\/wp\/v2\/posts"}],"about":[{"href":"https:\/\/live-kora-tv.com\/fr\/wp-json\/wp\/v2\/types\/post"}],"author":[{"embeddable":true,"href":"https:\/\/live-kora-tv.com\/fr\/wp-json\/wp\/v2\/users\/4"}],"replies":[{"embeddable":true,"href":"https:\/\/live-kora-tv.com\/fr\/wp-json\/wp\/v2\/comments?post=9100"}],"version-history":[{"count":1,"href":"https:\/\/live-kora-tv.com\/fr\/wp-json\/wp\/v2\/posts\/9100\/revisions"}],"predecessor-version":[{"id":9101,"href":"https:\/\/live-kora-tv.com\/fr\/wp-json\/wp\/v2\/posts\/9100\/revisions\/9101"}],"wp:featuredmedia":[{"embeddable":true,"href":"https:\/\/live-kora-tv.com\/fr\/wp-json\/wp\/v2\/media\/9098"}],"wp:attachment":[{"href":"https:\/\/live-kora-tv.com\/fr\/wp-json\/wp\/v2\/media?parent=9100"}],"wp:term":[{"taxonomy":"category","embeddable":true,"href":"https:\/\/live-kora-tv.com\/fr\/wp-json\/wp\/v2\/categories?post=9100"},{"taxonomy":"post_tag","embeddable":true,"href":"https:\/\/live-kora-tv.com\/fr\/wp-json\/wp\/v2\/tags?post=9100"}],"curies":[{"name":"wp","href":"https:\/\/api.w.org\/{rel}","templated":true}]}}