{"id":9110,"date":"2025-09-03T16:42:33","date_gmt":"2025-09-03T13:42:33","guid":{"rendered":"https:\/\/live-kora-tv.com\/cooperation-educative-entre-la-tunisie-et-la-coree-du-sud-pour-promouvoir-la-numerisation-et-lintelligence-artificielle-dans-leducation\/"},"modified":"2025-09-03T16:42:34","modified_gmt":"2025-09-03T13:42:34","slug":"cooperation-educative-entre-la-tunisie-et-la-coree-du-sud-pour-promouvoir-la-numerisation-et-lintelligence-artificielle-dans-leducation","status":"publish","type":"post","link":"https:\/\/live-kora-tv.com\/fr\/cooperation-educative-entre-la-tunisie-et-la-coree-du-sud-pour-promouvoir-la-numerisation-et-lintelligence-artificielle-dans-leducation\/","title":{"rendered":"Coop\u00e9ration \u00e9ducative entre la Tunisie et la Cor\u00e9e du Sud pour promouvoir la num\u00e9risation et l&rsquo;intelligence artificielle dans l&rsquo;\u00e9ducation"},"content":{"rendered":"\n<p>Le renforcement de la coop\u00e9ration \u00e9ducative et l&rsquo;\u00e9change d&rsquo;expertise entre la Tunisie et la Cor\u00e9e du Sud ont \u00e9t\u00e9 au centre d&rsquo;une r\u00e9cente r\u00e9union qui a rassembl\u00e9 le gouverneur de l&rsquo;\u00e9ducation de la province de <strong>Gyeonggi<\/strong> en Cor\u00e9e du Sud, <strong>Yim Tae-hee<\/strong>, le ministre tunisien de l&rsquo;\u00e9ducation <strong>, Noureddine Nouri<\/strong>, et le directeur g\u00e9n\u00e9ral du Centre national des technologies de l&rsquo;\u00e9ducation, <strong>Iskandar Ghania<\/strong>.<\/p>\n\n<p>Au cours de la r\u00e9union, les deux parties ont convenu de renforcer le partenariat dans le domaine de la num\u00e9risation et des applications de l&rsquo;intelligence artificielle afin d&rsquo;am\u00e9liorer la qualit\u00e9 de l&rsquo;\u00e9ducation et de soutenir les comp\u00e9tences d&rsquo;apprentissage des \u00e9tudiants en adoptant des pratiques \u00e9ducatives innovantes. La discussion a \u00e9galement port\u00e9 sur l&rsquo;\u00e9change d&rsquo;exp\u00e9riences et de plans futurs pour cr\u00e9er un environnement \u00e9ducatif qui stimule la cr\u00e9ativit\u00e9 et l&rsquo;innovation au sein des \u00e9tablissements d&rsquo;enseignement.  <\/p>\n\n<p>Le ministre Nouri a fait une pr\u00e9sentation d\u00e9taill\u00e9e du syst\u00e8me \u00e9ducatif en Tunisie, en soulignant les d\u00e9fis et les opportunit\u00e9s, et en insistant sur l&rsquo;importance de renforcer la coop\u00e9ration avec la Cor\u00e9e du Sud dans le domaine de l&rsquo;\u00e9ducation. La r\u00e9union a \u00e9galement \u00e9t\u00e9 l&rsquo;occasion de discuter des perspectives d&rsquo;un futur partenariat au service du d\u00e9veloppement de l&rsquo;\u00e9ducation dans les deux pays.     <\/p>\n\n<p><strong>Yim Tae-hee<\/strong> et la d\u00e9l\u00e9gation qui l&rsquo;accompagne sont en visite officielle en Tunisie du 30 ao\u00fbt au 2 septembre 2025, dans le but de renforcer les relations bilat\u00e9rales dans le domaine de l&rsquo;\u00e9ducation et d&rsquo;explorer les opportunit\u00e9s de coop\u00e9ration conjointe. <\/p>\n","protected":false},"excerpt":{"rendered":"<p>Le renforcement de la coop\u00e9ration \u00e9ducative et l&rsquo;\u00e9change d&rsquo;expertise entre la Tunisie et la Cor\u00e9e du Sud ont \u00e9t\u00e9 au centre d&rsquo;une r\u00e9cente r\u00e9union qui a rassembl\u00e9 le gouverneur de l&rsquo;\u00e9ducation de la province de Gyeonggi en Cor\u00e9e du Sud, Yim Tae-hee, le ministre tunisien de l&rsquo;\u00e9ducation , Noureddine Nouri, et le directeur g\u00e9n\u00e9ral du [&hellip;]<\/p>\n","protected":false},"author":4,"featured_media":9104,"comment_status":"open","ping_status":"open","sticky":false,"template":"","format":"standard","meta":{"footnotes":""},"categories":[25],"tags":[],"class_list":{"0":"post-9110","1":"post","2":"type-post","3":"status-publish","4":"format-standard","5":"has-post-thumbnail","7":"category-actualites-politiques"},"_links":{"self":[{"href":"https:\/\/live-kora-tv.com\/fr\/wp-json\/wp\/v2\/posts\/9110","targetHints":{"allow":["GET"]}}],"collection":[{"href":"https:\/\/live-kora-tv.com\/fr\/wp-json\/wp\/v2\/posts"}],"about":[{"href":"https:\/\/live-kora-tv.com\/fr\/wp-json\/wp\/v2\/types\/post"}],"author":[{"embeddable":true,"href":"https:\/\/live-kora-tv.com\/fr\/wp-json\/wp\/v2\/users\/4"}],"replies":[{"embeddable":true,"href":"https:\/\/live-kora-tv.com\/fr\/wp-json\/wp\/v2\/comments?post=9110"}],"version-history":[{"count":1,"href":"https:\/\/live-kora-tv.com\/fr\/wp-json\/wp\/v2\/posts\/9110\/revisions"}],"predecessor-version":[{"id":9111,"href":"https:\/\/live-kora-tv.com\/fr\/wp-json\/wp\/v2\/posts\/9110\/revisions\/9111"}],"wp:featuredmedia":[{"embeddable":true,"href":"https:\/\/live-kora-tv.com\/fr\/wp-json\/wp\/v2\/media\/9104"}],"wp:attachment":[{"href":"https:\/\/live-kora-tv.com\/fr\/wp-json\/wp\/v2\/media?parent=9110"}],"wp:term":[{"taxonomy":"category","embeddable":true,"href":"https:\/\/live-kora-tv.com\/fr\/wp-json\/wp\/v2\/categories?post=9110"},{"taxonomy":"post_tag","embeddable":true,"href":"https:\/\/live-kora-tv.com\/fr\/wp-json\/wp\/v2\/tags?post=9110"}],"curies":[{"name":"wp","href":"https:\/\/api.w.org\/{rel}","templated":true}]}}