{"id":9121,"date":"2025-09-03T18:43:23","date_gmt":"2025-09-03T15:43:23","guid":{"rendered":"https:\/\/live-kora-tv.com\/lequipe-nationale-tunisienne-larbitre-beninois-pour-affronter-le-liberia-et-larbitre-mauricien-pour-la-guinee-equatoriale-dans-le-cadre-des-eliminatoires-de-la-coupe-du-monde-2026\/"},"modified":"2025-09-03T18:43:24","modified_gmt":"2025-09-03T15:43:24","slug":"lequipe-nationale-tunisienne-larbitre-beninois-pour-affronter-le-liberia-et-larbitre-mauricien-pour-la-guinee-equatoriale-dans-le-cadre-des-eliminatoires-de-la-coupe-du-monde-2026","status":"publish","type":"post","link":"https:\/\/live-kora-tv.com\/fr\/lequipe-nationale-tunisienne-larbitre-beninois-pour-affronter-le-liberia-et-larbitre-mauricien-pour-la-guinee-equatoriale-dans-le-cadre-des-eliminatoires-de-la-coupe-du-monde-2026\/","title":{"rendered":"L&rsquo;\u00e9quipe nationale tunisienne : L&rsquo;arbitre b\u00e9ninois pour affronter le Liberia et l&rsquo;arbitre mauricien pour la Guin\u00e9e \u00e9quatoriale dans le cadre des \u00e9liminatoires de la Coupe du monde 2026."},"content":{"rendered":"\n<p>La <strong>Conf\u00e9d\u00e9ration Africaine de Football (CAF)<\/strong> a annonc\u00e9 un l\u00e9ger changement dans l&rsquo;\u00e9quipe d&rsquo;arbitrage pour le match de l&rsquo;<strong>\u00e9quipe nationale tunisienne<\/strong> contre le <strong>Liberia<\/strong>, pr\u00e9vu le jeudi 4 septembre 2025 \u00e0 20h00 au stade de Rad\u00e8s, dans le cadre de la septi\u00e8me journ\u00e9e des \u00e9liminatoires africaines de la Coupe<strong>du Monde de la FIFA 2026<\/strong>.<\/p>\n\n<p>L&rsquo;arbitre b\u00e9ninois <strong>Adisa Abdoul Rafio Legalli<\/strong> a conserv\u00e9 son r\u00f4le d&rsquo;arbitre de la rencontre, tandis que l&rsquo;arbitre assistant <strong>Detonji Joe Courtal<\/strong> a \u00e9t\u00e9 remplac\u00e9 par son compatriote <strong>Alao Salim<\/strong>, <strong>Lucien Hontuno<\/strong> restant dans l&rsquo;\u00e9quipe d&rsquo;arbitrage. <\/p>\n\n<p>Dans un contexte connexe, la CAF a d\u00e9sign\u00e9 l&rsquo;arbitre mauricien <strong>Malazar Patrice<\/strong> pour arbitrer le match du 8\u00e8me tour entre la Tunisie<strong>et la Guin\u00e9e \u00e9quatoriale<\/strong>, qui aura lieu le lundi 8 septembre 2025 dans la capitale <strong>Malabo<\/strong>. <\/p>\n\n<p>Les Aigles de Carthage cherchent \u00e0 se qualifier pour la Coupe du Monde 2026, la Tunisie \u00e9tant en t\u00eate du Groupe E avec <strong>16 points<\/strong>, 4 points devant la Namibie et 6 points devant le Lib\u00e9ria. L&rsquo;\u00e9quipe esp\u00e8re remporter les deux matches pour confirmer son avance et d\u00e9crocher la carte de qualification plus t\u00f4t que pr\u00e9vu. <\/p>\n","protected":false},"excerpt":{"rendered":"<p>La Conf\u00e9d\u00e9ration Africaine de Football (CAF) a annonc\u00e9 un l\u00e9ger changement dans l&rsquo;\u00e9quipe d&rsquo;arbitrage pour le match de l&rsquo;\u00e9quipe nationale tunisienne contre le Liberia, pr\u00e9vu le jeudi 4 septembre 2025 \u00e0 20h00 au stade de Rad\u00e8s, dans le cadre de la septi\u00e8me journ\u00e9e des \u00e9liminatoires africaines de la Coupedu Monde de la FIFA 2026. L&rsquo;arbitre [&hellip;]<\/p>\n","protected":false},"author":4,"featured_media":9108,"comment_status":"open","ping_status":"open","sticky":false,"template":"","format":"standard","meta":{"footnotes":""},"categories":[20],"tags":[],"class_list":{"0":"post-9121","1":"post","2":"type-post","3":"status-publish","4":"format-standard","5":"has-post-thumbnail","7":"category-actualites-sportives"},"_links":{"self":[{"href":"https:\/\/live-kora-tv.com\/fr\/wp-json\/wp\/v2\/posts\/9121","targetHints":{"allow":["GET"]}}],"collection":[{"href":"https:\/\/live-kora-tv.com\/fr\/wp-json\/wp\/v2\/posts"}],"about":[{"href":"https:\/\/live-kora-tv.com\/fr\/wp-json\/wp\/v2\/types\/post"}],"author":[{"embeddable":true,"href":"https:\/\/live-kora-tv.com\/fr\/wp-json\/wp\/v2\/users\/4"}],"replies":[{"embeddable":true,"href":"https:\/\/live-kora-tv.com\/fr\/wp-json\/wp\/v2\/comments?post=9121"}],"version-history":[{"count":1,"href":"https:\/\/live-kora-tv.com\/fr\/wp-json\/wp\/v2\/posts\/9121\/revisions"}],"predecessor-version":[{"id":9122,"href":"https:\/\/live-kora-tv.com\/fr\/wp-json\/wp\/v2\/posts\/9121\/revisions\/9122"}],"wp:featuredmedia":[{"embeddable":true,"href":"https:\/\/live-kora-tv.com\/fr\/wp-json\/wp\/v2\/media\/9108"}],"wp:attachment":[{"href":"https:\/\/live-kora-tv.com\/fr\/wp-json\/wp\/v2\/media?parent=9121"}],"wp:term":[{"taxonomy":"category","embeddable":true,"href":"https:\/\/live-kora-tv.com\/fr\/wp-json\/wp\/v2\/categories?post=9121"},{"taxonomy":"post_tag","embeddable":true,"href":"https:\/\/live-kora-tv.com\/fr\/wp-json\/wp\/v2\/tags?post=9121"}],"curies":[{"name":"wp","href":"https:\/\/api.w.org\/{rel}","templated":true}]}}