{"id":9134,"date":"2025-09-04T10:21:11","date_gmt":"2025-09-04T07:21:11","guid":{"rendered":"https:\/\/live-kora-tv.com\/kais-saied-en-algerie-pour-participer-a-liatf-2025-renforcement-du-partenariat-tuniso-algerien-et-de-lintegration-africaine\/"},"modified":"2025-09-04T10:21:13","modified_gmt":"2025-09-04T07:21:13","slug":"kais-saied-en-algerie-pour-participer-a-liatf-2025-renforcement-du-partenariat-tuniso-algerien-et-de-lintegration-africaine","status":"publish","type":"post","link":"https:\/\/live-kora-tv.com\/fr\/kais-saied-en-algerie-pour-participer-a-liatf-2025-renforcement-du-partenariat-tuniso-algerien-et-de-lintegration-africaine\/","title":{"rendered":"Kais Saied en Alg\u00e9rie pour participer \u00e0 l&rsquo;IATF 2025 : Renforcement du partenariat tuniso-alg\u00e9rien et de l&rsquo;int\u00e9gration africaine"},"content":{"rendered":"\n<p>Le Pr\u00e9sident de la R\u00e9publique tunisienne <strong>Kais Saied<\/strong> a effectu\u00e9, mercredi 3 septembre 2025, une visite officielle en Alg\u00e9rie, \u00e0 l&rsquo;invitation du Pr\u00e9sident alg\u00e9rien <strong>Abdelmadjid Tebboune<\/strong>, pour participer \u00e0 la <strong>Foire commerciale intra-africaine (IATF 2025<\/strong>), qui se tient \u00e0 Alger du 4 au 10 septembre 2025. Cette visite t\u00e9moigne de la solidit\u00e9 des relations tuniso-alg\u00e9riennes et refl\u00e8te l&rsquo;engagement des deux pays \u00e0 promouvoir la coop\u00e9ration bilat\u00e9rale et l&rsquo;int\u00e9gration africaine. <\/p>\n\n<p>M. Saied a quitt\u00e9 la capitale Tunis plus t\u00f4t dans la journ\u00e9e, o\u00f9 il a \u00e9t\u00e9 accueilli par le Premier ministre <strong>Sara Zafarani Zanzari<\/strong>, le gouverneur de Tunis <strong>Imad Boukhrais<\/strong>, le secr\u00e9taire g\u00e9n\u00e9ral de la municipalit\u00e9 de Tunis <strong>Lotfi Dichri<\/strong>et un certain nombre de membres du cabinet pr\u00e9sidentiel. Cette sc\u00e8ne officielle refl\u00e9tait la grande importance que la Tunisie accorde \u00e0 cette visite de haut niveau. <\/p>\n\n<p>Organis\u00e9 par la <strong>Banque africaine d&rsquo;import-export<\/strong><strong>et l&rsquo;Union africaine<\/strong>, l&rsquo;\u00e9v\u00e9nement rassemble plus de <strong>200 exposants<\/strong> de 75 pays et devrait attirer quelque <strong>35 000 visiteurs<\/strong>, les transactions d&rsquo;investissement devant d\u00e9passer <strong>44 milliards de dollars<\/strong>. La Tunisie y participe par le biais d&rsquo;un pavillon national de <strong>300 m\u00e8tres carr\u00e9s<\/strong>, regroupant une trentaine d&rsquo;entreprises op\u00e9rant dans les secteurs alimentaire, automobile, pharmaceutique et technologique, ainsi que des institutions d&rsquo;appui.  <\/p>\n\n<p>Le pr\u00e9sident Saied a soulign\u00e9 \u00e0 plusieurs reprises l&rsquo;appartenance africaine de la Tunisie et la n\u00e9cessit\u00e9 de promouvoir une coop\u00e9ration Sud-Sud fond\u00e9e sur la solidarit\u00e9 et la souverainet\u00e9. En juillet dernier, il a d\u00e9clar\u00e9 : \u00ab\u00a0L&rsquo;Afrique regorge de richesses capables d&rsquo;assurer la prosp\u00e9rit\u00e9 de ses peuples\u00a0\u00bb : \u00ab\u00a0L&rsquo;Afrique regorge de richesses capables d&rsquo;assurer la prosp\u00e9rit\u00e9 de ses peuples\u00a0\u00bb, soulignant le r\u00f4le central de la Tunisie gr\u00e2ce \u00e0 sa situation g\u00e9ographique et \u00e0 son expertise dans des secteurs tels que le textile, la sant\u00e9 et les \u00e9nergies renouvelables.     <\/p>\n\n<p>Cette visite rev\u00eat une grande symbolique dans les relations tuniso-alg\u00e9riennes, surtout apr\u00e8s la derni\u00e8re visite de Sa\u00efd en Alg\u00e9rie en novembre 2024 \u00e0 l&rsquo;occasion du 70e anniversaire de la r\u00e9volution alg\u00e9rienne, o\u00f9 les liens fraternels entre les deux pays se sont concr\u00e9tis\u00e9s. Cette nouvelle visite refl\u00e8te une volont\u00e9 commune de soutenir une vision future d&rsquo;une Afrique unie et prosp\u00e8re, bas\u00e9e sur la confiance et la solidarit\u00e9. Pour Saied et Tebboune, la coop\u00e9ration n&rsquo;est pas seulement une question de chiffres et d&rsquo;accords, mais aussi une dimension humaine qui unit les deux peuples et nourrit l&rsquo;espoir d&rsquo;un continent plus fort et plus solidaire.       <\/p>\n","protected":false},"excerpt":{"rendered":"<p>Le Pr\u00e9sident de la R\u00e9publique tunisienne Kais Saied a effectu\u00e9, mercredi 3 septembre 2025, une visite officielle en Alg\u00e9rie, \u00e0 l&rsquo;invitation du Pr\u00e9sident alg\u00e9rien Abdelmadjid Tebboune, pour participer \u00e0 la Foire commerciale intra-africaine (IATF 2025), qui se tient \u00e0 Alger du 4 au 10 septembre 2025. Cette visite t\u00e9moigne de la solidit\u00e9 des relations tuniso-alg\u00e9riennes [&hellip;]<\/p>\n","protected":false},"author":4,"featured_media":9132,"comment_status":"open","ping_status":"open","sticky":false,"template":"","format":"standard","meta":{"footnotes":""},"categories":[25],"tags":[],"class_list":{"0":"post-9134","1":"post","2":"type-post","3":"status-publish","4":"format-standard","5":"has-post-thumbnail","7":"category-actualites-politiques"},"_links":{"self":[{"href":"https:\/\/live-kora-tv.com\/fr\/wp-json\/wp\/v2\/posts\/9134","targetHints":{"allow":["GET"]}}],"collection":[{"href":"https:\/\/live-kora-tv.com\/fr\/wp-json\/wp\/v2\/posts"}],"about":[{"href":"https:\/\/live-kora-tv.com\/fr\/wp-json\/wp\/v2\/types\/post"}],"author":[{"embeddable":true,"href":"https:\/\/live-kora-tv.com\/fr\/wp-json\/wp\/v2\/users\/4"}],"replies":[{"embeddable":true,"href":"https:\/\/live-kora-tv.com\/fr\/wp-json\/wp\/v2\/comments?post=9134"}],"version-history":[{"count":1,"href":"https:\/\/live-kora-tv.com\/fr\/wp-json\/wp\/v2\/posts\/9134\/revisions"}],"predecessor-version":[{"id":9135,"href":"https:\/\/live-kora-tv.com\/fr\/wp-json\/wp\/v2\/posts\/9134\/revisions\/9135"}],"wp:featuredmedia":[{"embeddable":true,"href":"https:\/\/live-kora-tv.com\/fr\/wp-json\/wp\/v2\/media\/9132"}],"wp:attachment":[{"href":"https:\/\/live-kora-tv.com\/fr\/wp-json\/wp\/v2\/media?parent=9134"}],"wp:term":[{"taxonomy":"category","embeddable":true,"href":"https:\/\/live-kora-tv.com\/fr\/wp-json\/wp\/v2\/categories?post=9134"},{"taxonomy":"post_tag","embeddable":true,"href":"https:\/\/live-kora-tv.com\/fr\/wp-json\/wp\/v2\/tags?post=9134"}],"curies":[{"name":"wp","href":"https:\/\/api.w.org\/{rel}","templated":true}]}}