{"id":9140,"date":"2025-09-04T11:26:23","date_gmt":"2025-09-04T08:26:23","guid":{"rendered":"https:\/\/live-kora-tv.com\/la-tunisie-et-le-monde-islamique-celebrent-lanniversaire-de-la-naissance-du-prophete-en-1447-de-lhegire\/"},"modified":"2025-09-04T11:26:24","modified_gmt":"2025-09-04T08:26:24","slug":"la-tunisie-et-le-monde-islamique-celebrent-lanniversaire-de-la-naissance-du-prophete-en-1447-de-lhegire","status":"publish","type":"post","link":"https:\/\/live-kora-tv.com\/fr\/la-tunisie-et-le-monde-islamique-celebrent-lanniversaire-de-la-naissance-du-prophete-en-1447-de-lhegire\/","title":{"rendered":"La Tunisie et le monde islamique c\u00e9l\u00e8brent l&rsquo;anniversaire de la naissance du Proph\u00e8te en 1447 de l&rsquo;H\u00e9gire"},"content":{"rendered":"\n<p>Aujourd&rsquo;hui, jeudi 4 septembre 2025, la Tunisie, \u00e0 l&rsquo;instar des pays arabes et islamiques, comm\u00e9more l&rsquo;<strong>anniversaire du Proph\u00e8te<\/strong>, qui tombe le 12 Rabi al-Awwal 1447 de l&rsquo;h\u00e9gire, en l&rsquo;honneur de la naissance du <strong>Proph\u00e8te<\/strong>Muhammad, que la paix soit sur lui. Cette occasion est l&rsquo;une des c\u00e9l\u00e9brations religieuses les plus importantes qui rassemble les musulmans du monde entier dans un cadre de joie et de r\u00e9flexion sur la vie du Proph\u00e8te et ses nobles valeurs.   <\/p>\n\n<p>La Tunisie est le th\u00e9\u00e2tre de diverses manifestations religieuses et culturelles, notamment des soir\u00e9es religieuses, des conf\u00e9rences et des mawlids dans les mosqu\u00e9es et les centres culturels, o\u00f9 les citoyens se rassemblent pour r\u00e9citer le Saint Coran, r\u00e9citer les louanges du Proph\u00e8te et assister \u00e0 des cours qui mettent en lumi\u00e8re la morale et les enseignements du Proph\u00e8te. <strong>L&rsquo;Agence pour la renaissance du patrimoine et le d\u00e9veloppement culturel<\/strong> a \u00e9galement annonc\u00e9 que les mus\u00e9es, les sites arch\u00e9ologiques et les monuments historiques seront ouverts gratuitement aujourd&rsquo;hui afin d&rsquo;encourager le public \u00e0 d\u00e9couvrir le patrimoine islamique.      <\/p>\n\n<p>L&rsquo;anniversaire du Proph\u00e8te est l&rsquo;occasion de renforcer les valeurs de tol\u00e9rance, de compassion et de solidarit\u00e9 pr\u00f4n\u00e9es par le Proph\u00e8te Muhammad, ainsi que de renouveler l&rsquo;engagement d&rsquo;adh\u00e9rer \u00e0 l&rsquo;\u00e9thique proph\u00e9tique face aux d\u00e9fis contemporains. Les musulmans du monde entier c\u00e9l\u00e8brent cet anniversaire en organisant des \u00e9v\u00e9nements qui refl\u00e8tent l&rsquo;unit\u00e9, l&rsquo;amour et l&rsquo;appartenance au message du proph\u00e8te Mahomet.  <\/p>\n","protected":false},"excerpt":{"rendered":"<p>Aujourd&rsquo;hui, jeudi 4 septembre 2025, la Tunisie, \u00e0 l&rsquo;instar des pays arabes et islamiques, comm\u00e9more l&rsquo;anniversaire du Proph\u00e8te, qui tombe le 12 Rabi al-Awwal 1447 de l&rsquo;h\u00e9gire, en l&rsquo;honneur de la naissance du Proph\u00e8teMuhammad, que la paix soit sur lui. Cette occasion est l&rsquo;une des c\u00e9l\u00e9brations religieuses les plus importantes qui rassemble les musulmans du [&hellip;]<\/p>\n","protected":false},"author":4,"featured_media":9138,"comment_status":"open","ping_status":"open","sticky":false,"template":"","format":"standard","meta":{"footnotes":""},"categories":[23],"tags":[],"class_list":{"0":"post-9140","1":"post","2":"type-post","3":"status-publish","4":"format-standard","5":"has-post-thumbnail","7":"category-culture-et-societe"},"_links":{"self":[{"href":"https:\/\/live-kora-tv.com\/fr\/wp-json\/wp\/v2\/posts\/9140","targetHints":{"allow":["GET"]}}],"collection":[{"href":"https:\/\/live-kora-tv.com\/fr\/wp-json\/wp\/v2\/posts"}],"about":[{"href":"https:\/\/live-kora-tv.com\/fr\/wp-json\/wp\/v2\/types\/post"}],"author":[{"embeddable":true,"href":"https:\/\/live-kora-tv.com\/fr\/wp-json\/wp\/v2\/users\/4"}],"replies":[{"embeddable":true,"href":"https:\/\/live-kora-tv.com\/fr\/wp-json\/wp\/v2\/comments?post=9140"}],"version-history":[{"count":1,"href":"https:\/\/live-kora-tv.com\/fr\/wp-json\/wp\/v2\/posts\/9140\/revisions"}],"predecessor-version":[{"id":9141,"href":"https:\/\/live-kora-tv.com\/fr\/wp-json\/wp\/v2\/posts\/9140\/revisions\/9141"}],"wp:featuredmedia":[{"embeddable":true,"href":"https:\/\/live-kora-tv.com\/fr\/wp-json\/wp\/v2\/media\/9138"}],"wp:attachment":[{"href":"https:\/\/live-kora-tv.com\/fr\/wp-json\/wp\/v2\/media?parent=9140"}],"wp:term":[{"taxonomy":"category","embeddable":true,"href":"https:\/\/live-kora-tv.com\/fr\/wp-json\/wp\/v2\/categories?post=9140"},{"taxonomy":"post_tag","embeddable":true,"href":"https:\/\/live-kora-tv.com\/fr\/wp-json\/wp\/v2\/tags?post=9140"}],"curies":[{"name":"wp","href":"https:\/\/api.w.org\/{rel}","templated":true}]}}