{"id":9150,"date":"2025-09-04T13:00:39","date_gmt":"2025-09-04T10:00:39","guid":{"rendered":"https:\/\/live-kora-tv.com\/festival-du-film-de-venise-2025-les-looks-les-plus-eblouissants-du-tapis-rouge\/"},"modified":"2025-09-04T13:00:41","modified_gmt":"2025-09-04T10:00:41","slug":"festival-du-film-de-venise-2025-les-looks-les-plus-eblouissants-du-tapis-rouge","status":"publish","type":"post","link":"https:\/\/live-kora-tv.com\/fr\/festival-du-film-de-venise-2025-les-looks-les-plus-eblouissants-du-tapis-rouge\/","title":{"rendered":"Festival du film de Venise 2025 : Les looks les plus \u00e9blouissants du tapis rouge"},"content":{"rendered":"\n<p>La 82e Mostra de Venise s&rsquo;est d\u00e9roul\u00e9e du 27 ao\u00fbt au 6 septembre 2025, transformant le tapis rouge du Lido en une plateforme mondiale pour pr\u00e9senter les derni\u00e8res tendances de la mode des maisons de couture telles que Louis Vuitton, Saint Laurent, Marc Jacobs, Dior, Maison Margiela Artisanal et Trussardi. \u00c0 mi-parcours du festival, les stars et les c\u00e9l\u00e9brit\u00e9s se sont mises sur leur trente-et-un, consolidant la position de Venise en tant que destination de choix pour les amateurs de style.        <\/p>\n\n<p><strong>Des looks exceptionnels qui volent la vedette<\/strong><\/p>\n\n<ul class=\"wp-block-list\">\n<li><strong>Cate Blanchett<\/strong>: La robe en or de Maison Margiela Artisanal est un mod\u00e8le spectaculaire qui allie l&rsquo;\u00e9l\u00e9gance classique \u00e0 des touches modernes, avec des d\u00e9tails en cristal qui lui conf\u00e8rent un \u00e9clat royal.<\/li>\n\n\n\n<li><strong>Georgina Rodriguez<\/strong>: Elle a fait tourner les t\u00eates dans une robe noire Trussardi, orn\u00e9e d&rsquo;une broderie de dentelle couture sur une doublure dor\u00e9e et d&rsquo;une bague de fian\u00e7ailles \u00e9tincelante qui a suscit\u00e9 l&rsquo;engouement des m\u00e9dias.<\/li>\n\n\n\n<li><strong>Alba Rohwacher<\/strong>: Elle portait une robe Dior inspir\u00e9e de la mode du XIXe si\u00e8cle par Jonathan Anderson, avec une coupe en satin bleu marine et un \u00e9l\u00e9gant bouffant dans le dos.<\/li>\n\n\n\n<li><strong>Callum Turner<\/strong>: Il s&rsquo;est pr\u00e9sent\u00e9 dans un smoking Louis Vuitton blanc personnalis\u00e9 avec une \u00e9pingle \u00e0 \u0153illet marron, ajoutant une touche de sophistication classique.<\/li>\n\n\n\n<li><strong>Jennifer Lawrence<\/strong>: Dans une robe Dior transparente \u00e0 motifs floraux, une coupe romantique audacieuse avec une jupe duveteuse, elle a trouv\u00e9 l&rsquo;\u00e9quilibre entre f\u00e9minit\u00e9 et audace.<\/li>\n<\/ul>\n\n<figure class=\"wp-block-image size-large\"><img loading=\"lazy\" decoding=\"async\" width=\"682\" height=\"1024\" src=\"https:\/\/live-kora-tv.com\/mnt\/volume_nc_20\/live-kora-tv.com\/uploads\/2025\/09\/1920x2881_cmsv2_54a11f42-9c2d-51f2-a525-0afcf3252137-9444557-682x1024.webp\" alt=\"\" class=\"wp-image-9147\" srcset=\"https:\/\/live-kora-tv.com\/mnt\/volume_nc_20\/live-kora-tv.com\/uploads\/2025\/09\/1920x2881_cmsv2_54a11f42-9c2d-51f2-a525-0afcf3252137-9444557-682x1024.webp 682w, https:\/\/live-kora-tv.com\/mnt\/volume_nc_20\/live-kora-tv.com\/uploads\/2025\/09\/1920x2881_cmsv2_54a11f42-9c2d-51f2-a525-0afcf3252137-9444557-200x300.webp 200w, https:\/\/live-kora-tv.com\/mnt\/volume_nc_20\/live-kora-tv.com\/uploads\/2025\/09\/1920x2881_cmsv2_54a11f42-9c2d-51f2-a525-0afcf3252137-9444557-768x1153.webp 768w, https:\/\/live-kora-tv.com\/mnt\/volume_nc_20\/live-kora-tv.com\/uploads\/2025\/09\/1920x2881_cmsv2_54a11f42-9c2d-51f2-a525-0afcf3252137-9444557-1024x1536.webp 1024w, https:\/\/live-kora-tv.com\/mnt\/volume_nc_20\/live-kora-tv.com\/uploads\/2025\/09\/1920x2881_cmsv2_54a11f42-9c2d-51f2-a525-0afcf3252137-9444557-1365x2048.webp 1365w, https:\/\/live-kora-tv.com\/mnt\/volume_nc_20\/live-kora-tv.com\/uploads\/2025\/09\/1920x2881_cmsv2_54a11f42-9c2d-51f2-a525-0afcf3252137-9444557-280x420.webp 280w, https:\/\/live-kora-tv.com\/mnt\/volume_nc_20\/live-kora-tv.com\/uploads\/2025\/09\/1920x2881_cmsv2_54a11f42-9c2d-51f2-a525-0afcf3252137-9444557-150x225.webp 150w, https:\/\/live-kora-tv.com\/mnt\/volume_nc_20\/live-kora-tv.com\/uploads\/2025\/09\/1920x2881_cmsv2_54a11f42-9c2d-51f2-a525-0afcf3252137-9444557-300x450.webp 300w, https:\/\/live-kora-tv.com\/mnt\/volume_nc_20\/live-kora-tv.com\/uploads\/2025\/09\/1920x2881_cmsv2_54a11f42-9c2d-51f2-a525-0afcf3252137-9444557-696x1045.webp 696w, https:\/\/live-kora-tv.com\/mnt\/volume_nc_20\/live-kora-tv.com\/uploads\/2025\/09\/1920x2881_cmsv2_54a11f42-9c2d-51f2-a525-0afcf3252137-9444557-1068x1603.webp 1068w, https:\/\/live-kora-tv.com\/mnt\/volume_nc_20\/live-kora-tv.com\/uploads\/2025\/09\/1920x2881_cmsv2_54a11f42-9c2d-51f2-a525-0afcf3252137-9444557.webp 1366w\" sizes=\"auto, (max-width: 682px) 100vw, 682px\" \/><\/figure>\n\n<p>Contrairement \u00e0 Cannes, qui a impos\u00e9 des restrictions sur les tenues r\u00e9v\u00e9latrices et volumineuses en raison de leur \u00ab\u00a0entrave \u00e0 la circulation des invit\u00e9s\u00a0\u00bb, Venise offre plus de libert\u00e9 aux stylistes pour cr\u00e9er des mod\u00e8les innovants<strong>.<\/strong> Cette ann\u00e9e, le tapis rouge a pr\u00e9sent\u00e9 une vari\u00e9t\u00e9 \u00e9tourdissante de robes luxueuses aux coupes spectaculaires et de costumes m\u00e9ticuleusement taill\u00e9s, refl\u00e9tant la cr\u00e9ativit\u00e9 des maisons de couture internationales. Les m\u00e9dias ont soulign\u00e9 que les looks de Venise d\u00e9passent souvent ceux d&rsquo;autres \u00e9v\u00e9nements majeurs gr\u00e2ce \u00e0 son m\u00e9lange d&rsquo;\u00e9l\u00e9gance traditionnelle et d&rsquo;innovation moderne, le tapis rouge devenant une plateforme pour d\u00e9finir les tendances de la saison \u00e0 venir.        <\/p>\n\n<figure class=\"wp-block-image size-large\"><img loading=\"lazy\" decoding=\"async\" width=\"682\" height=\"1024\" src=\"https:\/\/live-kora-tv.com\/mnt\/volume_nc_20\/live-kora-tv.com\/uploads\/2025\/09\/1920x2881_cmsv2_f94a2f1b-fd10-5e53-8909-03554e2995d4-9444557-682x1024.webp\" alt=\"\" class=\"wp-image-9145\" srcset=\"https:\/\/live-kora-tv.com\/mnt\/volume_nc_20\/live-kora-tv.com\/uploads\/2025\/09\/1920x2881_cmsv2_f94a2f1b-fd10-5e53-8909-03554e2995d4-9444557-682x1024.webp 682w, https:\/\/live-kora-tv.com\/mnt\/volume_nc_20\/live-kora-tv.com\/uploads\/2025\/09\/1920x2881_cmsv2_f94a2f1b-fd10-5e53-8909-03554e2995d4-9444557-200x300.webp 200w, https:\/\/live-kora-tv.com\/mnt\/volume_nc_20\/live-kora-tv.com\/uploads\/2025\/09\/1920x2881_cmsv2_f94a2f1b-fd10-5e53-8909-03554e2995d4-9444557-768x1153.webp 768w, https:\/\/live-kora-tv.com\/mnt\/volume_nc_20\/live-kora-tv.com\/uploads\/2025\/09\/1920x2881_cmsv2_f94a2f1b-fd10-5e53-8909-03554e2995d4-9444557-1024x1536.webp 1024w, https:\/\/live-kora-tv.com\/mnt\/volume_nc_20\/live-kora-tv.com\/uploads\/2025\/09\/1920x2881_cmsv2_f94a2f1b-fd10-5e53-8909-03554e2995d4-9444557-1365x2048.webp 1365w, https:\/\/live-kora-tv.com\/mnt\/volume_nc_20\/live-kora-tv.com\/uploads\/2025\/09\/1920x2881_cmsv2_f94a2f1b-fd10-5e53-8909-03554e2995d4-9444557-280x420.webp 280w, https:\/\/live-kora-tv.com\/mnt\/volume_nc_20\/live-kora-tv.com\/uploads\/2025\/09\/1920x2881_cmsv2_f94a2f1b-fd10-5e53-8909-03554e2995d4-9444557-150x225.webp 150w, https:\/\/live-kora-tv.com\/mnt\/volume_nc_20\/live-kora-tv.com\/uploads\/2025\/09\/1920x2881_cmsv2_f94a2f1b-fd10-5e53-8909-03554e2995d4-9444557-300x450.webp 300w, https:\/\/live-kora-tv.com\/mnt\/volume_nc_20\/live-kora-tv.com\/uploads\/2025\/09\/1920x2881_cmsv2_f94a2f1b-fd10-5e53-8909-03554e2995d4-9444557-696x1045.webp 696w, https:\/\/live-kora-tv.com\/mnt\/volume_nc_20\/live-kora-tv.com\/uploads\/2025\/09\/1920x2881_cmsv2_f94a2f1b-fd10-5e53-8909-03554e2995d4-9444557-1068x1603.webp 1068w, https:\/\/live-kora-tv.com\/mnt\/volume_nc_20\/live-kora-tv.com\/uploads\/2025\/09\/1920x2881_cmsv2_f94a2f1b-fd10-5e53-8909-03554e2995d4-9444557.webp 1366w\" sizes=\"auto, (max-width: 682px) 100vw, 682px\" \/><\/figure>\n\n<p><strong>Influence mondiale<\/strong> Les looks des c\u00e9l\u00e9brit\u00e9s au Lido, comme Julia Roberts dans une simple robe noire Versace et Gina Ortega dans une robe Dior Haute Couture, ont inspir\u00e9 les fashionistas du monde entier. Les critiques ont salu\u00e9 la fusion de mod\u00e8les classiques et de touches modernes, faisant de Venise un centre d&rsquo;inspiration pour la mode.     <\/p>\n","protected":false},"excerpt":{"rendered":"<p>La 82e Mostra de Venise s&rsquo;est d\u00e9roul\u00e9e du 27 ao\u00fbt au 6 septembre 2025, transformant le tapis rouge du Lido en une plateforme mondiale pour pr\u00e9senter les derni\u00e8res tendances de la mode des maisons de couture telles que Louis Vuitton, Saint Laurent, Marc Jacobs, Dior, Maison Margiela Artisanal et Trussardi. \u00c0 mi-parcours du festival, les [&hellip;]<\/p>\n","protected":false},"author":4,"featured_media":9144,"comment_status":"open","ping_status":"open","sticky":false,"template":"","format":"standard","meta":{"footnotes":""},"categories":[23],"tags":[],"class_list":{"0":"post-9150","1":"post","2":"type-post","3":"status-publish","4":"format-standard","5":"has-post-thumbnail","7":"category-culture-et-societe"},"_links":{"self":[{"href":"https:\/\/live-kora-tv.com\/fr\/wp-json\/wp\/v2\/posts\/9150","targetHints":{"allow":["GET"]}}],"collection":[{"href":"https:\/\/live-kora-tv.com\/fr\/wp-json\/wp\/v2\/posts"}],"about":[{"href":"https:\/\/live-kora-tv.com\/fr\/wp-json\/wp\/v2\/types\/post"}],"author":[{"embeddable":true,"href":"https:\/\/live-kora-tv.com\/fr\/wp-json\/wp\/v2\/users\/4"}],"replies":[{"embeddable":true,"href":"https:\/\/live-kora-tv.com\/fr\/wp-json\/wp\/v2\/comments?post=9150"}],"version-history":[{"count":1,"href":"https:\/\/live-kora-tv.com\/fr\/wp-json\/wp\/v2\/posts\/9150\/revisions"}],"predecessor-version":[{"id":9151,"href":"https:\/\/live-kora-tv.com\/fr\/wp-json\/wp\/v2\/posts\/9150\/revisions\/9151"}],"wp:featuredmedia":[{"embeddable":true,"href":"https:\/\/live-kora-tv.com\/fr\/wp-json\/wp\/v2\/media\/9144"}],"wp:attachment":[{"href":"https:\/\/live-kora-tv.com\/fr\/wp-json\/wp\/v2\/media?parent=9150"}],"wp:term":[{"taxonomy":"category","embeddable":true,"href":"https:\/\/live-kora-tv.com\/fr\/wp-json\/wp\/v2\/categories?post=9150"},{"taxonomy":"post_tag","embeddable":true,"href":"https:\/\/live-kora-tv.com\/fr\/wp-json\/wp\/v2\/tags?post=9150"}],"curies":[{"name":"wp","href":"https:\/\/api.w.org\/{rel}","templated":true}]}}