{"id":9162,"date":"2025-09-04T15:48:30","date_gmt":"2025-09-04T12:48:30","guid":{"rendered":"https:\/\/live-kora-tv.com\/tremblement-de-terre-en-afghanistan-le-bilan-depasse-les-2-200-morts-et-3-600-blesses\/"},"modified":"2025-09-04T15:48:32","modified_gmt":"2025-09-04T12:48:32","slug":"tremblement-de-terre-en-afghanistan-le-bilan-depasse-les-2-200-morts-et-3-600-blesses","status":"publish","type":"post","link":"https:\/\/live-kora-tv.com\/fr\/tremblement-de-terre-en-afghanistan-le-bilan-depasse-les-2-200-morts-et-3-600-blesses\/","title":{"rendered":"Tremblement de terre en Afghanistan : Le bilan d\u00e9passe les 2 200 morts et 3 600 bless\u00e9s"},"content":{"rendered":"\n<p>Le bilan du tremblement de terre d\u00e9vastateur qui a frapp\u00e9 l&rsquo;est de l&rsquo;Afghanistan est pass\u00e9 \u00e0 <strong>2 205 morts<\/strong> et 3 640<strong>bless\u00e9s<\/strong>, a annonc\u00e9 le gouvernement <strong>taliban<\/strong> jeudi (4 septembre 2025), selon les chiffres actualis\u00e9s fournis par le porte-parole adjoint du gouvernement, <strong>Hamdullah Fatrat<\/strong>. Les pertes humaines et mat\u00e9rielles sont principalement concentr\u00e9es dans la province de <strong>Kunar<\/strong>, proche de la fronti\u00e8re avec le Pakistan.<\/p>\n\n<h4 class=\"wp-block-heading\">D\u00e9tails du tremblement de terre<\/h4>\n\n<p>Le tremblement de terre, d&rsquo;une magnitude de <strong>6,2<\/strong> sur l&rsquo;\u00e9chelle de Richter, a frapp\u00e9 l&rsquo;\u00c9tat de Kunar vers minuit le dimanche 31 ao\u00fbt 2025, selon le Centre<strong>allemand<\/strong> de<strong>recherche en g\u00e9osciences (DLR).<\/strong> Le tremblement de terre s&rsquo;est produit \u00e0 une faible profondeur de <strong>10 kilom\u00e8tres<\/strong>, ce qui a augment\u00e9 l&rsquo;intensit\u00e9 de son impact. La secousse a \u00e9t\u00e9 ressentie par des centaines de milliers de personnes en Afghanistan et au Pakistan, de Kaboul \u00e0 Islamabad. La ville montagneuse de <strong>Wadir<\/strong>, dans la province de Kunar, a \u00e9t\u00e9 l&rsquo;une des zones les plus durement touch\u00e9es, aucune famille n&rsquo;ayant \u00e9t\u00e9 \u00e9pargn\u00e9e par la perte d&rsquo;\u00eatres chers, les blessures ou la destruction de maisons, a rapport\u00e9 l&rsquo;<strong>AFP<\/strong>.     <\/p>\n\n<h4 class=\"wp-block-heading\">Efforts de sauvetage<\/h4>\n\n<p>Les op\u00e9rations de sauvetage se poursuivent, les \u00e9quipes de secours, dont le <strong>Croissant-Rouge afghan<\/strong>, travaillant dans des conditions difficiles en raison du terrain montagneux accident\u00e9 et des routes coup\u00e9es par les glissements de terrain et les pr\u00e9cipitations, a d\u00e9clar\u00e9 M. Fettert. Les efforts se concentrent sur la r\u00e9cup\u00e9ration des personnes pi\u00e9g\u00e9es sous les d\u00e9combres et sur la fourniture d&rsquo;une aide humanitaire telle que des tentes et des m\u00e9dicaments. Cependant, les responsables de l&rsquo;aide ont not\u00e9 que le manque de financement international entrave les op\u00e9rations, en particulier apr\u00e8s que l&rsquo;aide ait \u00e9t\u00e9 r\u00e9duite depuis le retour au pouvoir des talibans en 2021.  <\/p>\n\n<h4 class=\"wp-block-heading\">Situation humanitaire<\/h4>\n\n<p>Plus de <strong>8 000 maisons<\/strong> auraient \u00e9t\u00e9 endommag\u00e9es ou compl\u00e8tement d\u00e9truites, laissant des milliers de personnes sans abri. On craint que le bilan ne s&rsquo;alourdisse \u00e0 mesure que les recherches se poursuivent dans les villages isol\u00e9s. Le gouvernement taliban a appel\u00e9 la communaut\u00e9 internationale \u00e0 fournir une aide d&rsquo;urgence : \u00ab\u00a0De nombreuses personnes ont perdu la vie et leur maison, et nous avons besoin d&rsquo;une aide internationale\u00a0\u00bb, a d\u00e9clar\u00e9 <strong>Sharafat Zaman<\/strong>, porte-parole du minist\u00e8re de la sant\u00e9.    <\/p>\n\n<p>Situ\u00e9 sur des lignes de faille g\u00e9ologiques, l&rsquo;Afghanistan est fr\u00e9quemment frapp\u00e9 par des tremblements de terre, ce qui exacerbe les probl\u00e8mes humanitaires dans un contexte de crise \u00e9conomique et de diminution de l&rsquo;aide internationale.   <\/p>\n","protected":false},"excerpt":{"rendered":"<p>Le bilan du tremblement de terre d\u00e9vastateur qui a frapp\u00e9 l&rsquo;est de l&rsquo;Afghanistan est pass\u00e9 \u00e0 2 205 morts et 3 640bless\u00e9s, a annonc\u00e9 le gouvernement taliban jeudi (4 septembre 2025), selon les chiffres actualis\u00e9s fournis par le porte-parole adjoint du gouvernement, Hamdullah Fatrat. Les pertes humaines et mat\u00e9rielles sont principalement concentr\u00e9es dans la province [&hellip;]<\/p>\n","protected":false},"author":4,"featured_media":9160,"comment_status":"open","ping_status":"open","sticky":false,"template":"","format":"standard","meta":{"footnotes":""},"categories":[69],"tags":[],"class_list":{"0":"post-9162","1":"post","2":"type-post","3":"status-publish","4":"format-standard","5":"has-post-thumbnail","7":"category-nouvelles-du-monde"},"_links":{"self":[{"href":"https:\/\/live-kora-tv.com\/fr\/wp-json\/wp\/v2\/posts\/9162","targetHints":{"allow":["GET"]}}],"collection":[{"href":"https:\/\/live-kora-tv.com\/fr\/wp-json\/wp\/v2\/posts"}],"about":[{"href":"https:\/\/live-kora-tv.com\/fr\/wp-json\/wp\/v2\/types\/post"}],"author":[{"embeddable":true,"href":"https:\/\/live-kora-tv.com\/fr\/wp-json\/wp\/v2\/users\/4"}],"replies":[{"embeddable":true,"href":"https:\/\/live-kora-tv.com\/fr\/wp-json\/wp\/v2\/comments?post=9162"}],"version-history":[{"count":1,"href":"https:\/\/live-kora-tv.com\/fr\/wp-json\/wp\/v2\/posts\/9162\/revisions"}],"predecessor-version":[{"id":9163,"href":"https:\/\/live-kora-tv.com\/fr\/wp-json\/wp\/v2\/posts\/9162\/revisions\/9163"}],"wp:featuredmedia":[{"embeddable":true,"href":"https:\/\/live-kora-tv.com\/fr\/wp-json\/wp\/v2\/media\/9160"}],"wp:attachment":[{"href":"https:\/\/live-kora-tv.com\/fr\/wp-json\/wp\/v2\/media?parent=9162"}],"wp:term":[{"taxonomy":"category","embeddable":true,"href":"https:\/\/live-kora-tv.com\/fr\/wp-json\/wp\/v2\/categories?post=9162"},{"taxonomy":"post_tag","embeddable":true,"href":"https:\/\/live-kora-tv.com\/fr\/wp-json\/wp\/v2\/tags?post=9162"}],"curies":[{"name":"wp","href":"https:\/\/api.w.org\/{rel}","templated":true}]}}