{"id":9169,"date":"2025-09-04T16:44:39","date_gmt":"2025-09-04T13:44:39","guid":{"rendered":"https:\/\/live-kora-tv.com\/lequipe-tunisienne-se-rend-aux-philippines-pour-la-coupe-du-monde-de-volley-ball-2025\/"},"modified":"2025-09-04T16:44:41","modified_gmt":"2025-09-04T13:44:41","slug":"lequipe-tunisienne-se-rend-aux-philippines-pour-la-coupe-du-monde-de-volley-ball-2025","status":"publish","type":"post","link":"https:\/\/live-kora-tv.com\/fr\/lequipe-tunisienne-se-rend-aux-philippines-pour-la-coupe-du-monde-de-volley-ball-2025\/","title":{"rendered":"L&rsquo;\u00e9quipe tunisienne se rend aux Philippines pour la Coupe du monde de volley-ball 2025"},"content":{"rendered":"\n<p>La s\u00e9lection tunisienne de volley-ball s&rsquo;envole ce soir, jeudi 4 septembre 2025, \u00e0 destination des Philippines pour participer au championnat du monde senior, pr\u00e9vu du 12 au 28 septembre. <\/p>\n\n<p>Les co\u00e9quipiers de Khaled Ben Slimane entameront le Groupe A en affrontant les Philippines, le pays h\u00f4te, le vendredi 12 septembre \u00e0 11h00 (heure tunisienne). Au deuxi\u00e8me tour, ils affronteront l&rsquo;Iran le mardi 16 septembre \u00e0 partir de 6h30, avant de conclure le premier tour contre l&rsquo;Egypte le jeudi 18 septembre \u00e0 la m\u00eame heure.     <\/p>\n\n<p>Le s\u00e9lectionneur italien Camillo Blachevi a convoqu\u00e9 14 joueurs pour cette Coupe du monde, \u00e0 savoir : <\/p>\n\n<ul class=\"wp-block-list\">\n<li>Khalid Bin Sulaiman<\/li>\n\n\n\n<li>Hamza Naqah<\/li>\n\n\n\n<li>Ahmed Al-Qadi<\/li>\n\n\n\n<li>Elias Garamsali<\/li>\n\n\n\n<li>Walid Bakkour<\/li>\n\n\n\n<li>El Tayeb El Gorbasli<\/li>\n\n\n\n<li>Mohammed Redan<\/li>\n\n\n\n<li>Ali Bangui<\/li>\n\n\n\n<li>Oussama Ben Ramadan<\/li>\n\n\n\n<li>Hamza Hafeez<\/li>\n\n\n\n<li>Ashraf Bouaziz<\/li>\n\n\n\n<li>Slim Al Mubaraki<\/li>\n\n\n\n<li>Ahmed Bousbah<\/li>\n\n\n\n<li>Mahdi Ben Taher<\/li>\n<\/ul>\n","protected":false},"excerpt":{"rendered":"<p>La s\u00e9lection tunisienne de volley-ball s&rsquo;envole ce soir, jeudi 4 septembre 2025, \u00e0 destination des Philippines pour participer au championnat du monde senior, pr\u00e9vu du 12 au 28 septembre. Les co\u00e9quipiers de Khaled Ben Slimane entameront le Groupe A en affrontant les Philippines, le pays h\u00f4te, le vendredi 12 septembre \u00e0 11h00 (heure tunisienne). Au [&hellip;]<\/p>\n","protected":false},"author":4,"featured_media":9167,"comment_status":"open","ping_status":"open","sticky":false,"template":"","format":"standard","meta":{"footnotes":""},"categories":[20],"tags":[],"class_list":{"0":"post-9169","1":"post","2":"type-post","3":"status-publish","4":"format-standard","5":"has-post-thumbnail","7":"category-actualites-sportives"},"_links":{"self":[{"href":"https:\/\/live-kora-tv.com\/fr\/wp-json\/wp\/v2\/posts\/9169","targetHints":{"allow":["GET"]}}],"collection":[{"href":"https:\/\/live-kora-tv.com\/fr\/wp-json\/wp\/v2\/posts"}],"about":[{"href":"https:\/\/live-kora-tv.com\/fr\/wp-json\/wp\/v2\/types\/post"}],"author":[{"embeddable":true,"href":"https:\/\/live-kora-tv.com\/fr\/wp-json\/wp\/v2\/users\/4"}],"replies":[{"embeddable":true,"href":"https:\/\/live-kora-tv.com\/fr\/wp-json\/wp\/v2\/comments?post=9169"}],"version-history":[{"count":1,"href":"https:\/\/live-kora-tv.com\/fr\/wp-json\/wp\/v2\/posts\/9169\/revisions"}],"predecessor-version":[{"id":9170,"href":"https:\/\/live-kora-tv.com\/fr\/wp-json\/wp\/v2\/posts\/9169\/revisions\/9170"}],"wp:featuredmedia":[{"embeddable":true,"href":"https:\/\/live-kora-tv.com\/fr\/wp-json\/wp\/v2\/media\/9167"}],"wp:attachment":[{"href":"https:\/\/live-kora-tv.com\/fr\/wp-json\/wp\/v2\/media?parent=9169"}],"wp:term":[{"taxonomy":"category","embeddable":true,"href":"https:\/\/live-kora-tv.com\/fr\/wp-json\/wp\/v2\/categories?post=9169"},{"taxonomy":"post_tag","embeddable":true,"href":"https:\/\/live-kora-tv.com\/fr\/wp-json\/wp\/v2\/tags?post=9169"}],"curies":[{"name":"wp","href":"https:\/\/api.w.org\/{rel}","templated":true}]}}