{"id":9175,"date":"2025-09-04T17:41:24","date_gmt":"2025-09-04T14:41:24","guid":{"rendered":"https:\/\/live-kora-tv.com\/la-tunisie-condamne-lassassinat-de-son-ressortissant-a-marseille-et-convoque-le-charge-daffaires-de-lambassade-de-france\/"},"modified":"2025-09-04T17:41:25","modified_gmt":"2025-09-04T14:41:25","slug":"la-tunisie-condamne-lassassinat-de-son-ressortissant-a-marseille-et-convoque-le-charge-daffaires-de-lambassade-de-france","status":"publish","type":"post","link":"https:\/\/live-kora-tv.com\/fr\/la-tunisie-condamne-lassassinat-de-son-ressortissant-a-marseille-et-convoque-le-charge-daffaires-de-lambassade-de-france\/","title":{"rendered":"La Tunisie condamne l&rsquo;assassinat de son ressortissant \u00e0 Marseille et convoque le Charg\u00e9 d&rsquo;affaires de l&rsquo;Ambassade de France"},"content":{"rendered":"\n<p>Le Minist\u00e8re des Affaires Etrang\u00e8res, de l&rsquo;Immigration et des Tunisiens \u00e0 l&rsquo;Etranger a exprim\u00e9 sa vive protestation suite \u00e0 l&rsquo;assassinat du citoyen tunisien Abdelkader Thebi dans la ville de Marseille le mardi 2 septembre 2025, en convoquant le Charg\u00e9 d&rsquo;affaires de l&rsquo;Ambassade de France \u00e0 Tunis pour l&rsquo;informer de la position officielle. <\/p>\n\n<p>\u00ab\u00a0Suite \u00e0 l&rsquo;assassinat du citoyen tunisien Abdelkader Thebi, le 2 septembre 2025, \u00e0 Marseille, et sur instructions du Pr\u00e9sident de la R\u00e9publique, le Secr\u00e9taire d&rsquo;Etat aupr\u00e8s du Ministre des Affaires \u00e9trang\u00e8res, de l&rsquo;Immigration et des Tunisiens \u00e0 l&rsquo;\u00e9tranger, a convoqu\u00e9, cet apr\u00e8s-midi, 3 septembre 2025, le Charg\u00e9 d&rsquo;affaires a.i. de l&rsquo;Ambassade de France \u00e0 Tunis, en l&rsquo;absence de l&rsquo;Ambassadeur de la R\u00e9publique fran\u00e7aise qui se trouve \u00e0 l&rsquo;\u00e9tranger, pour lui faire part d&rsquo;une vive protestation contre l&rsquo;assassinat perp\u00e9tr\u00e9 par des membres de la police fran\u00e7aise\u00a0\u00bb, a indiqu\u00e9 le minist\u00e8re dans un communiqu\u00e9 officiel.        <\/p>\n\n<p>Le Secr\u00e9taire d&rsquo;Etat a soulign\u00e9 au Charg\u00e9 d&rsquo;affaires de l&rsquo;Ambassade de France la n\u00e9cessit\u00e9 d&rsquo;informer les autorit\u00e9s fran\u00e7aises de la position de la Tunisie qui consid\u00e8re cet incident comme un assassinat injustifi\u00e9 et a exig\u00e9 une enqu\u00eate imm\u00e9diate et transparente pour d\u00e9terminer les responsabilit\u00e9s. La Tunisie a \u00e9galement annonc\u00e9 son intention de prendre toutes les mesures n\u00e9cessaires pour garantir les droits du d\u00e9funt et de sa famille et leur rendre justice.  <\/p>\n\n<p>Le pr\u00e9sident de la R\u00e9publique Kais Saied \u00ab\u00a0a charg\u00e9 l&rsquo;ambassadeur de Tunisie \u00e0 Paris de communiquer la m\u00eame position tunisienne aux autorit\u00e9s fran\u00e7aises et de prendre les mesures n\u00e9cessaires en coordination avec notre consulat g\u00e9n\u00e9ral \u00e0 Marseille pour acc\u00e9l\u00e9rer le transfert du corps du d\u00e9funt vers la Tunisie dans les plus brefs d\u00e9lais\u00a0\u00bb, indique le communiqu\u00e9. <\/p>\n\n<p>Le minist\u00e8re a confirm\u00e9 avoir contact\u00e9 la famille pour lui pr\u00e9senter ses condol\u00e9ances et l&rsquo;informer de toutes les mesures prises pour assurer la protection des droits du d\u00e9funt et de ses proches.<\/p>\n","protected":false},"excerpt":{"rendered":"<p>Le Minist\u00e8re des Affaires Etrang\u00e8res, de l&rsquo;Immigration et des Tunisiens \u00e0 l&rsquo;Etranger a exprim\u00e9 sa vive protestation suite \u00e0 l&rsquo;assassinat du citoyen tunisien Abdelkader Thebi dans la ville de Marseille le mardi 2 septembre 2025, en convoquant le Charg\u00e9 d&rsquo;affaires de l&rsquo;Ambassade de France \u00e0 Tunis pour l&rsquo;informer de la position officielle. \u00ab\u00a0Suite \u00e0 l&rsquo;assassinat [&hellip;]<\/p>\n","protected":false},"author":4,"featured_media":9173,"comment_status":"open","ping_status":"open","sticky":false,"template":"","format":"standard","meta":{"footnotes":""},"categories":[68],"tags":[],"class_list":{"0":"post-9175","1":"post","2":"type-post","3":"status-publish","4":"format-standard","5":"has-post-thumbnail","7":"category-communaute"},"_links":{"self":[{"href":"https:\/\/live-kora-tv.com\/fr\/wp-json\/wp\/v2\/posts\/9175","targetHints":{"allow":["GET"]}}],"collection":[{"href":"https:\/\/live-kora-tv.com\/fr\/wp-json\/wp\/v2\/posts"}],"about":[{"href":"https:\/\/live-kora-tv.com\/fr\/wp-json\/wp\/v2\/types\/post"}],"author":[{"embeddable":true,"href":"https:\/\/live-kora-tv.com\/fr\/wp-json\/wp\/v2\/users\/4"}],"replies":[{"embeddable":true,"href":"https:\/\/live-kora-tv.com\/fr\/wp-json\/wp\/v2\/comments?post=9175"}],"version-history":[{"count":1,"href":"https:\/\/live-kora-tv.com\/fr\/wp-json\/wp\/v2\/posts\/9175\/revisions"}],"predecessor-version":[{"id":9176,"href":"https:\/\/live-kora-tv.com\/fr\/wp-json\/wp\/v2\/posts\/9175\/revisions\/9176"}],"wp:featuredmedia":[{"embeddable":true,"href":"https:\/\/live-kora-tv.com\/fr\/wp-json\/wp\/v2\/media\/9173"}],"wp:attachment":[{"href":"https:\/\/live-kora-tv.com\/fr\/wp-json\/wp\/v2\/media?parent=9175"}],"wp:term":[{"taxonomy":"category","embeddable":true,"href":"https:\/\/live-kora-tv.com\/fr\/wp-json\/wp\/v2\/categories?post=9175"},{"taxonomy":"post_tag","embeddable":true,"href":"https:\/\/live-kora-tv.com\/fr\/wp-json\/wp\/v2\/tags?post=9175"}],"curies":[{"name":"wp","href":"https:\/\/api.w.org\/{rel}","templated":true}]}}