{"id":9190,"date":"2025-09-05T10:29:28","date_gmt":"2025-09-05T07:29:28","guid":{"rendered":"https:\/\/live-kora-tv.com\/le-legendaire-giorgio-armani-est-decede-le-monde-de-la-mode-fait-ses-adieux-a-un-pionnier-a-lage-de-91-ans\/"},"modified":"2025-09-05T10:29:30","modified_gmt":"2025-09-05T07:29:30","slug":"le-legendaire-giorgio-armani-est-decede-le-monde-de-la-mode-fait-ses-adieux-a-un-pionnier-a-lage-de-91-ans","status":"publish","type":"post","link":"https:\/\/live-kora-tv.com\/fr\/le-legendaire-giorgio-armani-est-decede-le-monde-de-la-mode-fait-ses-adieux-a-un-pionnier-a-lage-de-91-ans\/","title":{"rendered":"Le l\u00e9gendaire Giorgio Armani est d\u00e9c\u00e9d\u00e9 : Le monde de la mode fait ses adieux \u00e0 un pionnier \u00e0 l&rsquo;\u00e2ge de 91 ans"},"content":{"rendered":"\n<p>Le monde de la mode a perdu l&rsquo;un de ses grands piliers : le c\u00e9l\u00e8bre cr\u00e9ateur italien Giorgio Armani, qui a laiss\u00e9 une empreinte ind\u00e9l\u00e9bile sur la mode et la conception d&rsquo;accessoires, est d\u00e9c\u00e9d\u00e9 \u00e0 l&rsquo;\u00e2ge de 91 ans.  <\/p>\n\n<p>Le fondateur de la prestigieuse maison Armani est d\u00e9c\u00e9d\u00e9 le 4 septembre 2025. Le groupe Armani a publi\u00e9 un communiqu\u00e9 disant : \u00ab\u00a0C&rsquo;est avec le c\u0153ur lourd que le groupe Armani annonce le d\u00e9c\u00e8s de son pionnier, fondateur et remarquable force motrice : Giorgio Armani\u00a0\u00bb.    <\/p>\n\n<p>Le communiqu\u00e9 ajoute : \u00ab\u00a0M. Armani, qui a toujours \u00e9t\u00e9 appr\u00e9ci\u00e9 et admir\u00e9 par ses coll\u00e8gues et son \u00e9quipe, nous a quitt\u00e9s paisiblement, entour\u00e9 de ses proches.   <\/p>\n\n<p>La marque a not\u00e9 qu&rsquo;Armani \u00ab\u00a0a continu\u00e9 \u00e0 travailler sans rel\u00e2che jusqu&rsquo;\u00e0 ses derniers jours, canalisant son \u00e9nergie dans le d\u00e9veloppement de sa soci\u00e9t\u00e9 et de ses collections, ainsi que dans ses divers projets qui sont toujours en cours et en \u00e9volution\u00a0\u00bb.  <\/p>\n\n<p><strong>C\u00e9r\u00e9monie d&rsquo;<\/strong> adieu Une c\u00e9r\u00e9monie d&rsquo;adieu ouverte au public en l&rsquo;honneur du cr\u00e9ateur se tiendra \u00e0 Milan les 6 et 7 septembre de 9h00 \u00e0 18h00, tandis que la c\u00e9r\u00e9monie d&rsquo;enterrement se d\u00e9roulera dans un cadre priv\u00e9. <\/p>\n","protected":false},"excerpt":{"rendered":"<p>Le monde de la mode a perdu l&rsquo;un de ses grands piliers : le c\u00e9l\u00e8bre cr\u00e9ateur italien Giorgio Armani, qui a laiss\u00e9 une empreinte ind\u00e9l\u00e9bile sur la mode et la conception d&rsquo;accessoires, est d\u00e9c\u00e9d\u00e9 \u00e0 l&rsquo;\u00e2ge de 91 ans. Le fondateur de la prestigieuse maison Armani est d\u00e9c\u00e9d\u00e9 le 4 septembre 2025. Le groupe Armani [&hellip;]<\/p>\n","protected":false},"author":4,"featured_media":9183,"comment_status":"open","ping_status":"open","sticky":false,"template":"","format":"standard","meta":{"footnotes":""},"categories":[69],"tags":[],"class_list":{"0":"post-9190","1":"post","2":"type-post","3":"status-publish","4":"format-standard","5":"has-post-thumbnail","7":"category-nouvelles-du-monde"},"_links":{"self":[{"href":"https:\/\/live-kora-tv.com\/fr\/wp-json\/wp\/v2\/posts\/9190","targetHints":{"allow":["GET"]}}],"collection":[{"href":"https:\/\/live-kora-tv.com\/fr\/wp-json\/wp\/v2\/posts"}],"about":[{"href":"https:\/\/live-kora-tv.com\/fr\/wp-json\/wp\/v2\/types\/post"}],"author":[{"embeddable":true,"href":"https:\/\/live-kora-tv.com\/fr\/wp-json\/wp\/v2\/users\/4"}],"replies":[{"embeddable":true,"href":"https:\/\/live-kora-tv.com\/fr\/wp-json\/wp\/v2\/comments?post=9190"}],"version-history":[{"count":1,"href":"https:\/\/live-kora-tv.com\/fr\/wp-json\/wp\/v2\/posts\/9190\/revisions"}],"predecessor-version":[{"id":9191,"href":"https:\/\/live-kora-tv.com\/fr\/wp-json\/wp\/v2\/posts\/9190\/revisions\/9191"}],"wp:featuredmedia":[{"embeddable":true,"href":"https:\/\/live-kora-tv.com\/fr\/wp-json\/wp\/v2\/media\/9183"}],"wp:attachment":[{"href":"https:\/\/live-kora-tv.com\/fr\/wp-json\/wp\/v2\/media?parent=9190"}],"wp:term":[{"taxonomy":"category","embeddable":true,"href":"https:\/\/live-kora-tv.com\/fr\/wp-json\/wp\/v2\/categories?post=9190"},{"taxonomy":"post_tag","embeddable":true,"href":"https:\/\/live-kora-tv.com\/fr\/wp-json\/wp\/v2\/tags?post=9190"}],"curies":[{"name":"wp","href":"https:\/\/api.w.org\/{rel}","templated":true}]}}