{"id":9197,"date":"2025-09-05T11:48:58","date_gmt":"2025-09-05T08:48:58","guid":{"rendered":"https:\/\/live-kora-tv.com\/trump-signe-un-decret-reduisant-a-15-les-droits-de-douane-sur-les-automobiles-japonaises\/"},"modified":"2025-09-05T11:49:00","modified_gmt":"2025-09-05T08:49:00","slug":"trump-signe-un-decret-reduisant-a-15-les-droits-de-douane-sur-les-automobiles-japonaises","status":"publish","type":"post","link":"https:\/\/live-kora-tv.com\/fr\/trump-signe-un-decret-reduisant-a-15-les-droits-de-douane-sur-les-automobiles-japonaises\/","title":{"rendered":"Trump signe un d\u00e9cret r\u00e9duisant \u00e0 15 % les droits de douane sur les automobiles japonaises"},"content":{"rendered":"\n<p>Dans le cadre d&rsquo;une mesure \u00e9conomique historique, le pr\u00e9sident am\u00e9ricain Donald Trump a publi\u00e9 un d\u00e9cret le jeudi 4 septembre 2025, r\u00e9duisant les droits de douane sur les voitures japonaises \u00e0 15 %, dans le cadre de la mise en \u0153uvre d&rsquo;un important accord commercial entre les \u00c9tats-Unis et le Japon. Cette d\u00e9cision vise \u00e0 renforcer les relations commerciales entre les deux pays et \u00e0 all\u00e9ger le fardeau des constructeurs automobiles japonais qui ont souffert des droits de douane \u00e9lev\u00e9s.      <\/p>\n\n<h3 class=\"wp-block-heading\">D\u00e9tails de l&rsquo;accord commercial<\/h3>\n\n<p>En vertu de ce d\u00e9cret, les droits de douane sur les automobiles japonaises passeront de 27,5 % \u00e0 15 %. Le d\u00e9cret plafonnera \u00e9galement \u00e0 15 % les droits de douane sur une large gamme d&rsquo;autres produits japonais, dans le but de stimuler le commerce et de soutenir l&rsquo;\u00e9conomie am\u00e9ricaine en attirant les investissements japonais.   <\/p>\n\n<p>La d\u00e9cision prendra effet dans la semaine suivant sa publication au Journal officiel des \u00c9tats-Unis, ce qui signifie que les r\u00e9ductions entreront en vigueur \u00e0 la mi-septembre 2025. Cette r\u00e9duction s&rsquo;inscrit dans le cadre d&rsquo;un important programme d&rsquo;investissement promis par le Japon, d&rsquo;une valeur de 550 milliards de dollars, dans les secteurs de l&rsquo;industrie manufacturi\u00e8re, des infrastructures et de la technologie aux \u00c9tats-Unis.  <\/p>\n\n<h3 class=\"wp-block-heading\">L&rsquo;impact de la d\u00e9cision sur l&rsquo;\u00e9conomie<\/h3>\n\n<ul class=\"wp-block-list\">\n<li><strong>Soutenir les constructeurs automobiles japonais<\/strong>: des entreprises telles que Toyota et Honda ont souffert des droits de douane \u00e9lev\u00e9s (jusqu&rsquo;\u00e0 27,5 %), ce qui a entra\u00een\u00e9 des pertes consid\u00e9rables. Toyota a d\u00e9j\u00e0 annonc\u00e9 qu&rsquo;elle s&rsquo;attendait \u00e0 perdre jusqu&rsquo;\u00e0 10 milliards de dollars \u00e0 cause des droits de douane.<\/li>\n\n\n\n<li><strong>Hausse du Nikkei<\/strong>: L&rsquo;indice boursier japonais Nikkei a augment\u00e9 de 0,73 % apr\u00e8s l&rsquo;annonce, atteignant 42 890,85 points, soutenu par l&rsquo;optimisme des investisseurs quant \u00e0 l&rsquo;am\u00e9lioration des conditions commerciales.<\/li>\n\n\n\n<li><strong>Augmentation des importations am\u00e9ricaines<\/strong>: En \u00e9change de cette r\u00e9duction, le Japon s&rsquo;est engag\u00e9 \u00e0 augmenter ses achats de riz am\u00e9ricain de 75 %, \u00e0 investir dans les avions Boeing et \u00e0 accro\u00eetre les d\u00e9penses de d\u00e9fense des entreprises am\u00e9ricaines.<\/li>\n<\/ul>\n\n<h3 class=\"wp-block-heading\">R\u00e9actions<\/h3>\n\n<p>Cette d\u00e9cision a suscit\u00e9 des r\u00e9actions mitig\u00e9es. Les entreprises japonaises se sont f\u00e9licit\u00e9es de cette r\u00e9duction, qu&rsquo;elles consid\u00e8rent comme une mesure positive visant \u00e0 att\u00e9nuer les pressions \u00e9conomiques. Tatsuo Yasunaga, pr\u00e9sident du Conseil japonais du commerce ext\u00e9rieur, a fait l&rsquo;\u00e9loge de l&rsquo;accord, notant qu&rsquo;il \u00ab\u00a0l\u00e8ve l&rsquo;ambigu\u00eft\u00e9 qui inqui\u00e9tait les entreprises\u00a0\u00bb. En revanche, les constructeurs automobiles am\u00e9ricains, tels que General Motors et Ford, ont exprim\u00e9 leur m\u00e9contentement, estimant que l&rsquo;accord conf\u00e9rait un avantage injuste aux voitures japonaises par rapport aux produits canadiens et mexicains, qui restent soumis \u00e0 des droits de douane plus \u00e9lev\u00e9s.        <\/p>\n\n<h3 class=\"wp-block-heading\">Contexte de l&rsquo;accord<\/h3>\n\n<p>Cette d\u00e9cision s&rsquo;inscrit dans le cadre des efforts d\u00e9ploy\u00e9s par M. Trump pour r\u00e9duire le d\u00e9ficit commercial des \u00c9tats-Unis, puisqu&rsquo;il s&rsquo;est engag\u00e9 \u00e0 conclure 90 accords commerciaux en 90 jours. Le Japon est le cinqui\u00e8me pays \u00e0 signer un accord commercial avec Washington, apr\u00e8s la Grande-Bretagne, le Vi\u00eat Nam, l&rsquo;Indon\u00e9sie et les Philippines. Trump a d\u00e9clar\u00e9 dans des communiqu\u00e9s de presse : \u00ab\u00a0Nous sommes le premier pays au monde \u00e0 r\u00e9duire les droits de douane sur les voitures et les pi\u00e8ces d\u00e9tach\u00e9es sans imposer de restrictions sur les quantit\u00e9s.\u00a0\u00bb     <\/p>\n\n<h3 class=\"wp-block-heading\">Projections futures<\/h3>\n\n<p>Les analystes s&rsquo;attendent \u00e0 ce que l&rsquo;accord stimule la coop\u00e9ration \u00e9conomique entre les deux pays, les exportations japonaises vers les \u00c9tats-Unis devant augmenter. Toutefois, la date exacte de mise en \u0153uvre reste \u00e0 d\u00e9battre, car elle d\u00e9pend d&rsquo;une d\u00e9cision finale du pr\u00e9sident Trump.    <\/p>\n","protected":false},"excerpt":{"rendered":"<p>Dans le cadre d&rsquo;une mesure \u00e9conomique historique, le pr\u00e9sident am\u00e9ricain Donald Trump a publi\u00e9 un d\u00e9cret le jeudi 4 septembre 2025, r\u00e9duisant les droits de douane sur les voitures japonaises \u00e0 15 %, dans le cadre de la mise en \u0153uvre d&rsquo;un important accord commercial entre les \u00c9tats-Unis et le Japon. Cette d\u00e9cision vise \u00e0 [&hellip;]<\/p>\n","protected":false},"author":4,"featured_media":9189,"comment_status":"open","ping_status":"open","sticky":false,"template":"","format":"standard","meta":{"footnotes":""},"categories":[24],"tags":[],"class_list":{"0":"post-9197","1":"post","2":"type-post","3":"status-publish","4":"format-standard","5":"has-post-thumbnail","7":"category-economie-et-affaires"},"_links":{"self":[{"href":"https:\/\/live-kora-tv.com\/fr\/wp-json\/wp\/v2\/posts\/9197","targetHints":{"allow":["GET"]}}],"collection":[{"href":"https:\/\/live-kora-tv.com\/fr\/wp-json\/wp\/v2\/posts"}],"about":[{"href":"https:\/\/live-kora-tv.com\/fr\/wp-json\/wp\/v2\/types\/post"}],"author":[{"embeddable":true,"href":"https:\/\/live-kora-tv.com\/fr\/wp-json\/wp\/v2\/users\/4"}],"replies":[{"embeddable":true,"href":"https:\/\/live-kora-tv.com\/fr\/wp-json\/wp\/v2\/comments?post=9197"}],"version-history":[{"count":1,"href":"https:\/\/live-kora-tv.com\/fr\/wp-json\/wp\/v2\/posts\/9197\/revisions"}],"predecessor-version":[{"id":9198,"href":"https:\/\/live-kora-tv.com\/fr\/wp-json\/wp\/v2\/posts\/9197\/revisions\/9198"}],"wp:featuredmedia":[{"embeddable":true,"href":"https:\/\/live-kora-tv.com\/fr\/wp-json\/wp\/v2\/media\/9189"}],"wp:attachment":[{"href":"https:\/\/live-kora-tv.com\/fr\/wp-json\/wp\/v2\/media?parent=9197"}],"wp:term":[{"taxonomy":"category","embeddable":true,"href":"https:\/\/live-kora-tv.com\/fr\/wp-json\/wp\/v2\/categories?post=9197"},{"taxonomy":"post_tag","embeddable":true,"href":"https:\/\/live-kora-tv.com\/fr\/wp-json\/wp\/v2\/tags?post=9197"}],"curies":[{"name":"wp","href":"https:\/\/api.w.org\/{rel}","templated":true}]}}