{"id":9231,"date":"2025-09-05T15:18:04","date_gmt":"2025-09-05T12:18:04","guid":{"rendered":"https:\/\/live-kora-tv.com\/la-tunisie-participe-au-deuxieme-sommet-africain-sur-le-climat-a-addis-abeba-du-8-au-10-septembre-2025\/"},"modified":"2025-09-05T15:18:06","modified_gmt":"2025-09-05T12:18:06","slug":"la-tunisie-participe-au-deuxieme-sommet-africain-sur-le-climat-a-addis-abeba-du-8-au-10-septembre-2025","status":"publish","type":"post","link":"https:\/\/live-kora-tv.com\/fr\/la-tunisie-participe-au-deuxieme-sommet-africain-sur-le-climat-a-addis-abeba-du-8-au-10-septembre-2025\/","title":{"rendered":"La Tunisie participe au deuxi\u00e8me sommet africain sur le climat \u00e0 Addis-Abeba du 8 au 10 septembre 2025"},"content":{"rendered":"\n<p>Le minist\u00e8re tunisien de l&rsquo;Environnement a annonc\u00e9, dans une d\u00e9claration \u00e0 l&rsquo;Agence tunisienne d&rsquo;information (WAT), la participation de la Tunisie au <strong>deuxi\u00e8me Sommet africain sur le climat<\/strong> (AEC2) qui se tiendra dans la capitale \u00e9thiopienne Addis-Abeba du 8 au 10 septembre 2025. Ce sommet constitue une plateforme importante pour renforcer les efforts africains conjoints visant \u00e0 relever les d\u00e9fis climatiques, en pr\u00e9vision de la Conf\u00e9rence des Nations Unies sur le changement climatique (COP30) pr\u00e9vue \u00e0 Bel\u00e9m, au Br\u00e9sil, du 10 au 21 novembre 2025.    <\/p>\n\n<h3 class=\"wp-block-heading\">D\u00e9tails du sommet<\/h3>\n\n<ul class=\"wp-block-list\">\n<li>Les <strong>organisateurs<\/strong>: Le sommet est organis\u00e9 en collaboration entre l&rsquo;<strong>Union africaine<\/strong> et le gouvernement \u00e9thiopien, sous le th\u00e8me   <strong>\u00ab\u00a0Acc\u00e9l\u00e9rer les solutions mondiales pour le climat : Financer un d\u00e9veloppement vert et r\u00e9silient en Afrique\u00a0\u00bb <\/strong>.<\/li>\n\n\n\n<li><strong>\u00c9v\u00e9nements<\/strong>: Le sommet proposera plus de <strong>50 tables rondes<\/strong> et 180<strong>\u00e9v\u00e9nements parall\u00e8les<\/strong>, couvrant des sujets essentiels tels que\n<ul class=\"wp-block-list\">\n<li>Des solutions bas\u00e9es sur la nature.<\/li>\n\n\n\n<li>Technologies climatiques.<\/li>\n\n\n\n<li>Les \u00e9nergies renouvelables.<\/li>\n\n\n\n<li>Agriculture et syst\u00e8mes alimentaires.<\/li>\n\n\n\n<li>Villes durables.<\/li>\n\n\n\n<li>Une transition \u00e9quitable.<\/li>\n\n\n\n<li>Min\u00e9raux verts.<\/li>\n\n\n\n<li>Syst\u00e8mes d&rsquo;alerte pr\u00e9coce.<\/li>\n\n\n\n<li>Sant\u00e9 publique.<\/li>\n\n\n\n<li>Financement et investissement dans le domaine du climat.<\/li>\n<\/ul>\n<\/li>\n\n\n\n<li><strong>D\u00e9clarations<\/strong>: Le sommet devrait donner lieu \u00e0 des <strong>d\u00e9clarations de haut niveau de<\/strong> la part des dirigeants des pays africains, en pr\u00e9sence du <strong>secr\u00e9taire g\u00e9n\u00e9ral des Nations unies<\/strong>. <\/li>\n<\/ul>\n\n<h3 class=\"wp-block-heading\">Objectifs du sommet<\/h3>\n\n<p>Le sommet vise \u00e0 renforcer la r\u00e9ponse collective du continent africain au changement climatique, en mettant l&rsquo;accent sur les points suivants : <\/p>\n\n<ul class=\"wp-block-list\">\n<li><strong>Justice climatique<\/strong>: Plaidoyer pour une r\u00e9partition \u00e9quitable des ressources et des financements afin de soutenir les pays africains qui souffrent des effets du changement climatique malgr\u00e9 leur faible contribution aux \u00e9missions (seulement 4 % des \u00e9missions mondiales).<\/li>\n\n\n\n<li><strong>Financement durable<\/strong>: Appel \u00e0 un maximum de <strong>1,3 trillion de dollars par an<\/strong> pour 2025-2030 afin de r\u00e9pondre aux besoins en infrastructures r\u00e9silientes, \u00e0 l&rsquo;adaptation au changement climatique et \u00e0 la transition vers l&rsquo;\u00e9nergie propre.  <\/li>\n\n\n\n<li><strong>Transfert de technologie<\/strong>: Promouvoir l&rsquo;acc\u00e8s aux technologies vertes pour soutenir le d\u00e9veloppement durable en Afrique.<\/li>\n\n\n\n<li><strong>Solidarit\u00e9 r\u00e9gionale<\/strong>: Harmoniser la position africaine avant la COP30 afin de garantir une repr\u00e9sentation forte des besoins du continent.<\/li>\n<\/ul>\n\n<h3 class=\"wp-block-heading\">Partager la Tunisie<\/h3>\n\n<ul class=\"wp-block-list\">\n<li><strong>La d\u00e9l\u00e9gation tunisienne<\/strong>: La Tunisie sera repr\u00e9sent\u00e9e par une d\u00e9l\u00e9gation compos\u00e9e de repr\u00e9sentants de divers minist\u00e8res, d&rsquo;organisations du secteur priv\u00e9, de la soci\u00e9t\u00e9 civile, d&rsquo;activistes environnementaux et de jeunes engag\u00e9s dans les questions climatiques.<\/li>\n\n\n\n<li><strong>Objectifs de la Tunisie<\/strong>: La Tunisie mettra en avant des m\u00e9canismes de financement innovants pour l&rsquo;adaptation au changement climatique, discutera des d\u00e9fis auxquels sont confront\u00e9s les pays en d\u00e9veloppement et pr\u00e9sentera des solutions tunisiennes innovantes, telles que celles pr\u00e9sent\u00e9es lors de la COP29.<\/li>\n\n\n\n<li><strong>Les engagements de la Tunisie<\/strong>: Dans le cadre de l&rsquo;Accord de Paris, la Tunisie s&rsquo;est engag\u00e9e \u00e0 r\u00e9duire <strong>son intensit\u00e9 carbone de 41 % d&rsquo;ici 2030<\/strong> par rapport \u00e0 2010, en mettant l&rsquo;accent sur le secteur de l&rsquo;\u00e9nergie, qui repr\u00e9sente 75 % des efforts d&rsquo;att\u00e9nuation. La Tunisie a besoin de <strong>20 milliards de dollars de<\/strong> financement international pour couvrir les besoins d&rsquo;adaptation et d&rsquo;att\u00e9nuation.  <\/li>\n<\/ul>\n\n<h3 class=\"wp-block-heading\">L&rsquo;importance du sommet<\/h3>\n\n<p>Le deuxi\u00e8me sommet africain sur le climat est une plateforme essentielle pour consolider les visions africaines avant la COP30, o\u00f9 les pays africains demanderont l&rsquo;allocation de <strong>220 milliards de dollars par an<\/strong> aux pays les moins avanc\u00e9s, principalement en Afrique, pour soutenir l&rsquo;adaptation au changement climatique. Ce sera \u00e9galement l&rsquo;occasion de renforcer la coop\u00e9ration r\u00e9gionale et internationale pour relever des d\u00e9fis tels que la s\u00e9cheresse, les inondations et les migrations climatiques.     <\/p>\n","protected":false},"excerpt":{"rendered":"<p>Le minist\u00e8re tunisien de l&rsquo;Environnement a annonc\u00e9, dans une d\u00e9claration \u00e0 l&rsquo;Agence tunisienne d&rsquo;information (WAT), la participation de la Tunisie au deuxi\u00e8me Sommet africain sur le climat (AEC2) qui se tiendra dans la capitale \u00e9thiopienne Addis-Abeba du 8 au 10 septembre 2025. Ce sommet constitue une plateforme importante pour renforcer les efforts africains conjoints visant [&hellip;]<\/p>\n","protected":false},"author":4,"featured_media":9229,"comment_status":"open","ping_status":"open","sticky":false,"template":"","format":"standard","meta":{"footnotes":""},"categories":[24],"tags":[],"class_list":{"0":"post-9231","1":"post","2":"type-post","3":"status-publish","4":"format-standard","5":"has-post-thumbnail","7":"category-economie-et-affaires"},"_links":{"self":[{"href":"https:\/\/live-kora-tv.com\/fr\/wp-json\/wp\/v2\/posts\/9231","targetHints":{"allow":["GET"]}}],"collection":[{"href":"https:\/\/live-kora-tv.com\/fr\/wp-json\/wp\/v2\/posts"}],"about":[{"href":"https:\/\/live-kora-tv.com\/fr\/wp-json\/wp\/v2\/types\/post"}],"author":[{"embeddable":true,"href":"https:\/\/live-kora-tv.com\/fr\/wp-json\/wp\/v2\/users\/4"}],"replies":[{"embeddable":true,"href":"https:\/\/live-kora-tv.com\/fr\/wp-json\/wp\/v2\/comments?post=9231"}],"version-history":[{"count":1,"href":"https:\/\/live-kora-tv.com\/fr\/wp-json\/wp\/v2\/posts\/9231\/revisions"}],"predecessor-version":[{"id":9232,"href":"https:\/\/live-kora-tv.com\/fr\/wp-json\/wp\/v2\/posts\/9231\/revisions\/9232"}],"wp:featuredmedia":[{"embeddable":true,"href":"https:\/\/live-kora-tv.com\/fr\/wp-json\/wp\/v2\/media\/9229"}],"wp:attachment":[{"href":"https:\/\/live-kora-tv.com\/fr\/wp-json\/wp\/v2\/media?parent=9231"}],"wp:term":[{"taxonomy":"category","embeddable":true,"href":"https:\/\/live-kora-tv.com\/fr\/wp-json\/wp\/v2\/categories?post=9231"},{"taxonomy":"post_tag","embeddable":true,"href":"https:\/\/live-kora-tv.com\/fr\/wp-json\/wp\/v2\/tags?post=9231"}],"curies":[{"name":"wp","href":"https:\/\/api.w.org\/{rel}","templated":true}]}}