{"id":9298,"date":"2025-09-08T16:47:15","date_gmt":"2025-09-08T13:47:15","guid":{"rendered":"https:\/\/live-kora-tv.com\/tragedie-a-jerusalem-cinq-morts-et-dix-blesses-dans-une-attaque-armee-au-carrefour-de-ramot\/"},"modified":"2025-09-08T16:47:18","modified_gmt":"2025-09-08T13:47:18","slug":"tragedie-a-jerusalem-cinq-morts-et-dix-blesses-dans-une-attaque-armee-au-carrefour-de-ramot","status":"publish","type":"post","link":"https:\/\/live-kora-tv.com\/fr\/tragedie-a-jerusalem-cinq-morts-et-dix-blesses-dans-une-attaque-armee-au-carrefour-de-ramot\/","title":{"rendered":"Trag\u00e9die \u00e0 J\u00e9rusalem : Cinq morts et dix bless\u00e9s dans une attaque arm\u00e9e au carrefour de Ramot"},"content":{"rendered":"\n<p>Lundi matin, 8 septembre 2025, la ville occup\u00e9e de J\u00e9rusalem a \u00e9t\u00e9 le th\u00e9\u00e2tre d&rsquo;une attaque arm\u00e9e meurtri\u00e8re au carrefour de Ramot, \u00e0 J\u00e9rusalem-Est, qui a fait <strong>cinq<\/strong> morts et <strong>dix<\/strong>bless\u00e9s, selon le service ambulancier isra\u00e9lien, l&rsquo;\u00c9toile rouge de David, et les h\u00f4pitaux qui ont accueilli les bless\u00e9s.   <\/p>\n\n<h3 class=\"wp-block-heading\">D\u00e9tails de l&rsquo;incident<\/h3>\n\n<ul class=\"wp-block-list\">\n<li><strong>Lieu<\/strong>: L&rsquo;attentat a eu lieu au carrefour <strong>de Ramot<\/strong>, un important <strong>carrefour<\/strong>routier de J\u00e9rusalem-Est, o\u00f9 les assaillants ont pris pour cible un bus et des v\u00e9hicules se trouvant sur les lieux de l&rsquo;attentat.<\/li>\n\n\n\n<li>Les <strong>victimes<\/strong>: Les services ambulanciers ont confirm\u00e9 la mort de cinq personnes, dont un homme d&rsquo;une cinquantaine d&rsquo;ann\u00e9es, trois hommes d&rsquo;une trentaine d&rsquo;ann\u00e9es et une femme d&rsquo;une cinquantaine d&rsquo;ann\u00e9es qui est d\u00e9c\u00e9d\u00e9e \u00e0 l&rsquo;h\u00f4pital Shaarei Tzedek. Dix personnes ont \u00e9t\u00e9 bless\u00e9es, dont sept dans un \u00e9tat grave.<\/li>\n\n\n\n<li><strong>Les auteurs de l&rsquo;attentat<\/strong>: Les m\u00e9dias isra\u00e9liens ont rapport\u00e9 que la police avait \u00ab\u00a0neutralis\u00e9\u00a0\u00bb deux des assaillants, sans r\u00e9v\u00e9ler pour l&rsquo;instant leur identit\u00e9 ou leurs motivations. La police a indiqu\u00e9 que les assaillants \u00e9taient arriv\u00e9s en voiture sur le site et avaient ouvert le feu sur une station de bus.<\/li>\n<\/ul>\n\n<h3 class=\"wp-block-heading\">R\u00e9actions<\/h3>\n\n<ul class=\"wp-block-list\">\n<li><strong>Police isra\u00e9lienne<\/strong>: La police a annonc\u00e9 qu&rsquo;elle avait d\u00e9ploy\u00e9 d&rsquo;importantes forces dans la zone sous le commandement du commandant de la zone, et des unit\u00e9s de neutralisation des explosifs et munitions travaillent \u00e0 la s\u00e9curisation du site. Des \u00e9quipes m\u00e9dico-l\u00e9gales m\u00e8nent des enqu\u00eates pour recueillir des preuves.<\/li>\n\n\n\n<li><strong>Le ministre allemand des affaires \u00e9trang\u00e8res<\/strong>: <strong>Johann Fadivoll<\/strong> s&rsquo;est dit \u00ab\u00a0profond\u00e9ment choqu\u00e9\u00a0\u00bb par l&rsquo;attentat, qu&rsquo;il a qualifi\u00e9 de \u00ab\u00a0l\u00e2che attaque terroriste\u00a0\u00bb. Il a pr\u00e9sent\u00e9 ses condol\u00e9ances aux familles des victimes et souhait\u00e9 un prompt r\u00e9tablissement aux bless\u00e9s dans un message publi\u00e9 sur la plateforme X.  <\/li>\n<\/ul>\n\n<h3 class=\"wp-block-heading\">Contexte de l&rsquo;\u00e9v\u00e9nement<\/h3>\n\n<ul class=\"wp-block-list\">\n<li><strong>Intensification de la s\u00e9curit\u00e9<\/strong>: L&rsquo;attaque survient au milieu d&rsquo;une vague d&rsquo;escalade s\u00e9curitaire \u00e0 J\u00e9rusalem occup\u00e9e et en Cisjordanie, les m\u00e9dias isra\u00e9liens rapportant que les auteurs pourraient \u00eatre des r\u00e9sidents de Cisjordanie, plus pr\u00e9cis\u00e9ment d&rsquo;un village de la r\u00e9gion de Ramallah.<\/li>\n\n\n\n<li><strong>Mesures de s\u00e9curit\u00e9<\/strong>: L&rsquo;arm\u00e9e isra\u00e9lienne a ferm\u00e9 la porte militaire menant aux villages situ\u00e9s au nord-ouest de J\u00e9rusalem et a impos\u00e9 un cordon de s\u00e9curit\u00e9 autour de la ville en pr\u00e9vision de nouvelles attaques.<\/li>\n<\/ul>\n\n<h3 class=\"wp-block-heading\">Cons\u00e9quences<\/h3>\n\n<p>L&rsquo;attentat a d\u00e9clench\u00e9 une alerte de s\u00e9curit\u00e9 majeure, des ambulances et des \u00e9quipes de police se pr\u00e9cipitant sur les lieux pour prodiguer des soins et transf\u00e9rer les bless\u00e9s vers les h\u00f4pitaux. Le Premier ministre isra\u00e9lien <strong>, Benjamin Netanyahu<\/strong>, a annul\u00e9 sa s\u00e9ance au tribunal pour proc\u00e9der \u00e0 une \u00e9valuation de la s\u00e9curit\u00e9, ce qui t\u00e9moigne de la gravit\u00e9 de l&rsquo;\u00e9v\u00e9nement.   <\/p>\n","protected":false},"excerpt":{"rendered":"<p>Lundi matin, 8 septembre 2025, la ville occup\u00e9e de J\u00e9rusalem a \u00e9t\u00e9 le th\u00e9\u00e2tre d&rsquo;une attaque arm\u00e9e meurtri\u00e8re au carrefour de Ramot, \u00e0 J\u00e9rusalem-Est, qui a fait cinq morts et dixbless\u00e9s, selon le service ambulancier isra\u00e9lien, l&rsquo;\u00c9toile rouge de David, et les h\u00f4pitaux qui ont accueilli les bless\u00e9s. D\u00e9tails de l&rsquo;incident R\u00e9actions Contexte de l&rsquo;\u00e9v\u00e9nement [&hellip;]<\/p>\n","protected":false},"author":4,"featured_media":9292,"comment_status":"open","ping_status":"open","sticky":false,"template":"","format":"standard","meta":{"footnotes":""},"categories":[69],"tags":[],"class_list":{"0":"post-9298","1":"post","2":"type-post","3":"status-publish","4":"format-standard","5":"has-post-thumbnail","7":"category-nouvelles-du-monde"},"_links":{"self":[{"href":"https:\/\/live-kora-tv.com\/fr\/wp-json\/wp\/v2\/posts\/9298","targetHints":{"allow":["GET"]}}],"collection":[{"href":"https:\/\/live-kora-tv.com\/fr\/wp-json\/wp\/v2\/posts"}],"about":[{"href":"https:\/\/live-kora-tv.com\/fr\/wp-json\/wp\/v2\/types\/post"}],"author":[{"embeddable":true,"href":"https:\/\/live-kora-tv.com\/fr\/wp-json\/wp\/v2\/users\/4"}],"replies":[{"embeddable":true,"href":"https:\/\/live-kora-tv.com\/fr\/wp-json\/wp\/v2\/comments?post=9298"}],"version-history":[{"count":1,"href":"https:\/\/live-kora-tv.com\/fr\/wp-json\/wp\/v2\/posts\/9298\/revisions"}],"predecessor-version":[{"id":9299,"href":"https:\/\/live-kora-tv.com\/fr\/wp-json\/wp\/v2\/posts\/9298\/revisions\/9299"}],"wp:featuredmedia":[{"embeddable":true,"href":"https:\/\/live-kora-tv.com\/fr\/wp-json\/wp\/v2\/media\/9292"}],"wp:attachment":[{"href":"https:\/\/live-kora-tv.com\/fr\/wp-json\/wp\/v2\/media?parent=9298"}],"wp:term":[{"taxonomy":"category","embeddable":true,"href":"https:\/\/live-kora-tv.com\/fr\/wp-json\/wp\/v2\/categories?post=9298"},{"taxonomy":"post_tag","embeddable":true,"href":"https:\/\/live-kora-tv.com\/fr\/wp-json\/wp\/v2\/tags?post=9298"}],"curies":[{"name":"wp","href":"https:\/\/api.w.org\/{rel}","templated":true}]}}