{"id":9300,"date":"2025-09-08T17:25:25","date_gmt":"2025-09-08T14:25:25","guid":{"rendered":"https:\/\/live-kora-tv.com\/coupe-davis-2025-la-tunisie-affronte-la-suede-a-goteborg-dans-un-defi-historique\/"},"modified":"2025-09-08T17:25:28","modified_gmt":"2025-09-08T14:25:28","slug":"coupe-davis-2025-la-tunisie-affronte-la-suede-a-goteborg-dans-un-defi-historique","status":"publish","type":"post","link":"https:\/\/live-kora-tv.com\/fr\/coupe-davis-2025-la-tunisie-affronte-la-suede-a-goteborg-dans-un-defi-historique\/","title":{"rendered":"Coupe Davis 2025 : La Tunisie affronte la Su\u00e8de \u00e0 G\u00f6teborg dans un d\u00e9fi historique"},"content":{"rendered":"\n<p>La s\u00e9lection tunisienne de tennis s&rsquo;est envol\u00e9e aujourd&rsquo;hui, lundi 8 septembre 2025, \u00e0 destination de la ville su\u00e9doise de <strong>G\u00f6teborg<\/strong> pour participer au premier groupe du tournoi de <strong>la Coupe Davis<\/strong>, a d\u00e9clar\u00e9 \u00e0 Tunis Afrique Presse (WAT) <strong>Lotfi Chelli<\/strong>, responsable du bureau provisoire de l&rsquo;Universit\u00e9 tunisienne de tennis. L&rsquo;\u00e9quipe tunisienne se pr\u00e9pare \u00e0 cet \u00e9v\u00e9nement plan\u00e9taire \u00e0 travers un stage sur le court en dur de <strong>Bartella Arena<\/strong> qui accueillera les <strong>12 et 13 septembre 2025<\/strong> ses rencontres avec l&rsquo;\u00e9quipe su\u00e9doise.   <\/p>\n\n<h3 class=\"wp-block-heading\">L&rsquo;\u00e9quipe de Tunisie<\/h3>\n\n<p>La Tunisie sera repr\u00e9sent\u00e9e par les joueurs suivants :<\/p>\n\n<ul class=\"wp-block-list\">\n<li><strong>Moez El Sharqi<\/strong> (333e rang mondial)<\/li>\n\n\n\n<li><strong>Mohammed Aziz Al-Waqiq<\/strong> (607e au classement mondial)<\/li>\n\n\n\n<li><strong>Anas Bennour Saheli<\/strong><\/li>\n\n\n\n<li><strong>Alaa Al Tarifi<\/strong><\/li>\n\n\n\n<li><strong>Ibrahim Snoussi<\/strong><\/li>\n\n\n\n<li><strong>Responsable technique<\/strong>: Entra\u00eeneur <strong>Malik Jaziri<\/strong><\/li>\n<\/ul>\n\n<h3 class=\"wp-block-heading\">Absences notables<\/h3>\n\n<ul class=\"wp-block-list\">\n<li><strong>Mohammad Aziz Dugaz<\/strong>: Manque le tournoi pour des raisons de sant\u00e9, ce qui est une grande perte pour l&rsquo;\u00e9quipe \u00e9tant donn\u00e9 son classement mondial (211\u00e8me mondial).<\/li>\n\n\n\n<li><strong>Iskandar Mansouri<\/strong>: Poursuit son absence en raison d&rsquo;une p\u00e9riode de convalescence suite \u00e0 une r\u00e9cente blessure.<\/li>\n<\/ul>\n\n<h3 class=\"wp-block-heading\">D\u00e9tails de la confrontation<\/h3>\n\n<ul class=\"wp-block-list\">\n<li>L&rsquo;<strong>adversaire<\/strong>: L&rsquo;\u00e9quipe nationale tunisienne affronte la Su\u00e8de, l&rsquo;une des \u00e9quipes les plus fortes de l&rsquo;histoire de la Coupe Davis, qui a remport\u00e9 le titre \u00e0 <strong>sept reprises<\/strong> (la derni\u00e8re fois en 1998). L&rsquo;\u00e9quipe su\u00e9doise comprend des joueurs tels que <strong>Leo Borg<\/strong> <strong>, Filip Bergevi<\/strong> <strong>, Andrei Goran\u0441\u043e\u043d<\/strong><strong>et Mikael Ymer<\/strong>, sous la direction de l&rsquo;entra\u00eeneur <strong>Simon Asplin<\/strong>. <\/li>\n\n\n\n<li><strong>Syst\u00e8me de match<\/strong>: Les matches du groupe A se d\u00e9rouleront sur deux jours (12-13 septembre) :\n<ul class=\"wp-block-list\">\n<li><strong>Vendredi 12 septembre<\/strong>: Deux matches en simple, \u00e0 partir de 17h00 heure su\u00e9doise (16h00 heure tunisienne).<\/li>\n\n\n\n<li><strong>Samedi 13 septembre<\/strong>: Match de double suivi de deux matchs de simple (si n\u00e9cessaire), \u00e0 partir de 13h00 heure su\u00e9doise (12h00 heure tunisienne).<\/li>\n<\/ul>\n<\/li>\n\n\n\n<li>Le <strong>terrain<\/strong>: Les matches sont jou\u00e9s sur une surface int\u00e9rieure dure \u00e0 la <strong>Bartella Arena<\/strong>, ce qui n\u00e9cessite une pr\u00e9paration sp\u00e9ciale de la part des joueurs tunisiens pour s&rsquo;adapter \u00e0 la surface rapide.<\/li>\n<\/ul>\n\n<h3 class=\"wp-block-heading\">L&rsquo;importance de la confrontation<\/h3>\n\n<p>Lotfi Cheli a soulign\u00e9 que ce match repr\u00e9sente un <strong>grand d\u00e9fi pour l&rsquo;<\/strong> \u00e9quipe nationale tunisienne, compte tenu de la longue histoire de la Su\u00e8de dans le tournoi, mais il a estim\u00e9 qu&rsquo;il s&rsquo;agit d&rsquo;une <strong>occasion pr\u00e9cieuse pour les<\/strong> jeunes joueurs de prouver leurs capacit\u00e9s et d&rsquo;acqu\u00e9rir de l&rsquo;exp\u00e9rience au niveau international.   Ajout\u00e9 : \u00ab\u00a0L&rsquo;\u00e9quipe su\u00e9doise est l&rsquo;un des adversaires les plus difficiles, mais nous sommes confiants dans les capacit\u00e9s de nos joueurs, emmen\u00e9s par Malik Jaziri, \u00e0 fournir une performance honorable. <\/p>\n\n<h3 class=\"wp-block-heading\">Contexte de l&rsquo;\u00e9quipe tunisienne<\/h3>\n\n<ul class=\"wp-block-list\">\n<li><strong>Un exploit historique<\/strong>: L&rsquo;\u00e9quipe nationale tunisienne s&rsquo;est qualifi\u00e9e pour le premier groupe de la Coupe Davis pour la premi\u00e8re fois de son histoire apr\u00e8s avoir battu l&rsquo;Ukraine en f\u00e9vrier 2025, sous la conduite de Malik Jaziri, ce qui refl\u00e8te une progression remarquable du niveau du tennis tunisien.<\/li>\n\n\n\n<li><strong>Objectif<\/strong>: L&rsquo;\u00e9quipe cherchera \u00e0 obtenir un r\u00e9sultat positif pour augmenter ses chances de rester dans le Groupe A ou de se qualifier pour la phase finale de 2026. Le vainqueur aura la possibilit\u00e9 de participer \u00e0 la phase finale de la Coupe Davis \u00e0 Bologne, en Italie.<\/li>\n<\/ul>\n\n<h3 class=\"wp-block-heading\">Attentes et d\u00e9fis<\/h3>\n\n<ul class=\"wp-block-list\">\n<li><strong>D\u00e9fis<\/strong>: L&rsquo;\u00e9quipe nationale tunisienne est confront\u00e9e \u00e0 un \u00e9norme d\u00e9fi en raison de l&rsquo;absence de sa star Mohamed Aziz Doukaz, ainsi que d&rsquo;une \u00e9quipe su\u00e9doise forte de joueurs exp\u00e9riment\u00e9s tels que Mikael Ymer (class\u00e9 parmi les 200 meilleurs au monde). Jouer sur une surface int\u00e9rieure dure exige vitesse et pr\u00e9cision.<\/li>\n\n\n\n<li><strong>Attentes<\/strong>: L&rsquo;\u00e9quipe compte sur le brio de Moez El Sharqi en simple et sur l&rsquo;exp\u00e9rience de Malik Jaziri pour guider les jeunes joueurs comme Anas Bennour El Saheli et Ibrahim Snoussi. Le match de double devrait \u00eatre d\u00e9cisif pour l&rsquo;issue de la rencontre.<\/li>\n<\/ul>\n\n<p><\/p>\n","protected":false},"excerpt":{"rendered":"<p>La s\u00e9lection tunisienne de tennis s&rsquo;est envol\u00e9e aujourd&rsquo;hui, lundi 8 septembre 2025, \u00e0 destination de la ville su\u00e9doise de G\u00f6teborg pour participer au premier groupe du tournoi de la Coupe Davis, a d\u00e9clar\u00e9 \u00e0 Tunis Afrique Presse (WAT) Lotfi Chelli, responsable du bureau provisoire de l&rsquo;Universit\u00e9 tunisienne de tennis. L&rsquo;\u00e9quipe tunisienne se pr\u00e9pare \u00e0 cet [&hellip;]<\/p>\n","protected":false},"author":4,"featured_media":9296,"comment_status":"open","ping_status":"open","sticky":false,"template":"","format":"standard","meta":{"footnotes":""},"categories":[20],"tags":[],"class_list":{"0":"post-9300","1":"post","2":"type-post","3":"status-publish","4":"format-standard","5":"has-post-thumbnail","7":"category-actualites-sportives"},"_links":{"self":[{"href":"https:\/\/live-kora-tv.com\/fr\/wp-json\/wp\/v2\/posts\/9300","targetHints":{"allow":["GET"]}}],"collection":[{"href":"https:\/\/live-kora-tv.com\/fr\/wp-json\/wp\/v2\/posts"}],"about":[{"href":"https:\/\/live-kora-tv.com\/fr\/wp-json\/wp\/v2\/types\/post"}],"author":[{"embeddable":true,"href":"https:\/\/live-kora-tv.com\/fr\/wp-json\/wp\/v2\/users\/4"}],"replies":[{"embeddable":true,"href":"https:\/\/live-kora-tv.com\/fr\/wp-json\/wp\/v2\/comments?post=9300"}],"version-history":[{"count":1,"href":"https:\/\/live-kora-tv.com\/fr\/wp-json\/wp\/v2\/posts\/9300\/revisions"}],"predecessor-version":[{"id":9301,"href":"https:\/\/live-kora-tv.com\/fr\/wp-json\/wp\/v2\/posts\/9300\/revisions\/9301"}],"wp:featuredmedia":[{"embeddable":true,"href":"https:\/\/live-kora-tv.com\/fr\/wp-json\/wp\/v2\/media\/9296"}],"wp:attachment":[{"href":"https:\/\/live-kora-tv.com\/fr\/wp-json\/wp\/v2\/media?parent=9300"}],"wp:term":[{"taxonomy":"category","embeddable":true,"href":"https:\/\/live-kora-tv.com\/fr\/wp-json\/wp\/v2\/categories?post=9300"},{"taxonomy":"post_tag","embeddable":true,"href":"https:\/\/live-kora-tv.com\/fr\/wp-json\/wp\/v2\/tags?post=9300"}],"curies":[{"name":"wp","href":"https:\/\/api.w.org\/{rel}","templated":true}]}}