{"id":9306,"date":"2025-09-09T09:01:22","date_gmt":"2025-09-09T06:01:22","guid":{"rendered":"https:\/\/live-kora-tv.com\/ministre-de-lequipement-lautoroute-tunis-jelma-prete-a-lemploi-en-2027-pour-un-cout-de-17-milliard-de-dinars\/"},"modified":"2025-09-09T09:01:26","modified_gmt":"2025-09-09T06:01:26","slug":"ministre-de-lequipement-lautoroute-tunis-jelma-prete-a-lemploi-en-2027-pour-un-cout-de-17-milliard-de-dinars","status":"publish","type":"post","link":"https:\/\/live-kora-tv.com\/fr\/ministre-de-lequipement-lautoroute-tunis-jelma-prete-a-lemploi-en-2027-pour-un-cout-de-17-milliard-de-dinars\/","title":{"rendered":"Ministre de l&rsquo;Equipement : L&rsquo;autoroute Tunis-Jelma pr\u00eate \u00e0 l&#8217;emploi en 2027 pour un co\u00fbt de 1,7 milliard de dinars"},"content":{"rendered":"\n<p>Le projet de l&rsquo;autoroute <strong>Tunis-Jelma<\/strong> est l&rsquo;un des grands projets strat\u00e9giques de la <strong>Tunisie<\/strong>, d&rsquo;une longueur de <strong>185 kilom\u00e8tres<\/strong> et d&rsquo;un co\u00fbt total de <strong>1,7 milliard de dinars<\/strong>, a d\u00e9clar\u00e9 <strong>Salah Zouari<\/strong>, ministre de l&rsquo;\u00e9quipement et de l&rsquo;habitat. Cette d\u00e9claration a \u00e9t\u00e9 faite lors d&rsquo;une visite de travail dans le gouvernorat de Kairouan, lundi 8 septembre 2025, en compagnie du ministre des biens de l&rsquo;Etat et des affaires immobili\u00e8res. <\/p>\n\n<h3 class=\"wp-block-heading\">Avancement des travaux<\/h3>\n\n<ul class=\"wp-block-list\">\n<li><strong>Taux d&rsquo;ach\u00e8vement<\/strong>: Zouari a expliqu\u00e9 que l&rsquo;\u00e9tat d&rsquo;avancement des travaux a atteint environ <strong>30 %<\/strong>, l&rsquo;accent \u00e9tant mis sur l&rsquo;acc\u00e9l\u00e9ration du rythme de travail afin de garantir le respect des d\u00e9lais.<\/li>\n\n\n\n<li><strong>D\u00e9tails du projet<\/strong>: La visite comprenait une inspection de la section Al-Hawarib, qui comprend plusieurs subdivisions appartenant au minist\u00e8re des biens de l&rsquo;\u00c9tat. Il a \u00e9t\u00e9 d\u00e9cid\u00e9 d&rsquo;attribuer certaines de ces subdivisions aux entrepreneurs en charge du projet afin de faciliter les travaux.<\/li>\n\n\n\n<li><strong>Calendrier<\/strong>: Le corps de l&rsquo;autoroute devrait \u00eatre achev\u00e9 en <strong>2026<\/strong>, ce qui repr\u00e9sente environ la moiti\u00e9 du co\u00fbt du projet. La route sera enti\u00e8rement achev\u00e9e et mise en service en <strong>2027<\/strong>, comme pr\u00e9vu.<\/li>\n\n\n\n<li><strong>Mat\u00e9riel<\/strong>: Le ministre a insist\u00e9 sur la n\u00e9cessit\u00e9 d&rsquo;obtenir les mat\u00e9riaux de base n\u00e9cessaires au projet, tels que le ciment et l&rsquo;acier, afin que les travaux se poursuivent sans d\u00e9lai.<\/li>\n<\/ul>\n\n<h3 class=\"wp-block-heading\">Remise en \u00e9tat des chemins agricoles<\/h3>\n\n<p>Le ministre a demand\u00e9 \u00e0 la direction r\u00e9gionale de l&rsquo;\u00e9quipement et du logement de Kairouan de redoubler d&rsquo;efforts pour r\u00e9parer les <strong>pistes agricoles en mauvais \u00e9tat<\/strong>, en particulier celles qui m\u00e8nent aux \u00e9coles primaires dans les zones rurales. Cette mesure fait suite aux plaintes des citoyens, a-t-il d\u00e9clar\u00e9, tout en mettant l&rsquo;accent sur la coop\u00e9ration avec les entrepreneurs locaux afin d&rsquo;acc\u00e9l\u00e9rer les op\u00e9rations d&rsquo;entretien.<\/p>\n\n<h3 class=\"wp-block-heading\">Se pr\u00e9parer \u00e0 la saison des pluies<\/h3>\n\n<p>Dans le contexte de la pr\u00e9paration de la saison des pluies, Al Zuwari a not\u00e9 que les pr\u00e9paratifs ont commenc\u00e9 en <strong>juin 2025<\/strong>, et comprennent : <\/p>\n\n<ul class=\"wp-block-list\">\n<li><strong>Dragage des installations hydrauliques<\/strong>: Nettoyage des vall\u00e9es et de leurs marges pour pr\u00e9venir les inondations.<\/li>\n\n\n\n<li><strong>Prot\u00e9ger les villes<\/strong>: Renforcer les infrastructures hydrauliques pour assurer la s\u00e9curit\u00e9 des zones urbaines et rurales pendant la saison des pluies.<\/li>\n\n\n\n<li><strong>Assurer la liaison avec les autorit\u00e9s comp\u00e9tentes<\/strong>: Travaillez avec les administrations r\u00e9gionales et les municipalit\u00e9s pour garantir une r\u00e9ponse rapide \u00e0 toute situation d&rsquo;urgence.<\/li>\n<\/ul>\n\n<h3 class=\"wp-block-heading\">Importance du projet<\/h3>\n\n<p>Le projet d&rsquo;autoroute Tunis-Jelma constitue une \u00e9tape majeure dans l&rsquo;am\u00e9lioration des infrastructures tunisiennes, car il reliera la capitale aux zones frontali\u00e8res avec l&rsquo;Alg\u00e9rie, stimulant ainsi le d\u00e9veloppement \u00e9conomique et le commerce entre les r\u00e9gions int\u00e9rieures et c\u00f4ti\u00e8res. Le projet devrait r\u00e9duire la pression sur les routes existantes, am\u00e9liorer la s\u00e9curit\u00e9 du trafic et faciliter la mobilit\u00e9 des citoyens.     <\/p>\n","protected":false},"excerpt":{"rendered":"<p>Le projet de l&rsquo;autoroute Tunis-Jelma est l&rsquo;un des grands projets strat\u00e9giques de la Tunisie, d&rsquo;une longueur de 185 kilom\u00e8tres et d&rsquo;un co\u00fbt total de 1,7 milliard de dinars, a d\u00e9clar\u00e9 Salah Zouari, ministre de l&rsquo;\u00e9quipement et de l&rsquo;habitat. Cette d\u00e9claration a \u00e9t\u00e9 faite lors d&rsquo;une visite de travail dans le gouvernorat de Kairouan, lundi 8 [&hellip;]<\/p>\n","protected":false},"author":4,"featured_media":9304,"comment_status":"open","ping_status":"open","sticky":false,"template":"","format":"standard","meta":{"footnotes":""},"categories":[24],"tags":[],"class_list":{"0":"post-9306","1":"post","2":"type-post","3":"status-publish","4":"format-standard","5":"has-post-thumbnail","7":"category-economie-et-affaires"},"_links":{"self":[{"href":"https:\/\/live-kora-tv.com\/fr\/wp-json\/wp\/v2\/posts\/9306","targetHints":{"allow":["GET"]}}],"collection":[{"href":"https:\/\/live-kora-tv.com\/fr\/wp-json\/wp\/v2\/posts"}],"about":[{"href":"https:\/\/live-kora-tv.com\/fr\/wp-json\/wp\/v2\/types\/post"}],"author":[{"embeddable":true,"href":"https:\/\/live-kora-tv.com\/fr\/wp-json\/wp\/v2\/users\/4"}],"replies":[{"embeddable":true,"href":"https:\/\/live-kora-tv.com\/fr\/wp-json\/wp\/v2\/comments?post=9306"}],"version-history":[{"count":1,"href":"https:\/\/live-kora-tv.com\/fr\/wp-json\/wp\/v2\/posts\/9306\/revisions"}],"predecessor-version":[{"id":9307,"href":"https:\/\/live-kora-tv.com\/fr\/wp-json\/wp\/v2\/posts\/9306\/revisions\/9307"}],"wp:featuredmedia":[{"embeddable":true,"href":"https:\/\/live-kora-tv.com\/fr\/wp-json\/wp\/v2\/media\/9304"}],"wp:attachment":[{"href":"https:\/\/live-kora-tv.com\/fr\/wp-json\/wp\/v2\/media?parent=9306"}],"wp:term":[{"taxonomy":"category","embeddable":true,"href":"https:\/\/live-kora-tv.com\/fr\/wp-json\/wp\/v2\/categories?post=9306"},{"taxonomy":"post_tag","embeddable":true,"href":"https:\/\/live-kora-tv.com\/fr\/wp-json\/wp\/v2\/tags?post=9306"}],"curies":[{"name":"wp","href":"https:\/\/api.w.org\/{rel}","templated":true}]}}