{"id":9312,"date":"2025-09-09T10:27:31","date_gmt":"2025-09-09T07:27:31","guid":{"rendered":"https:\/\/live-kora-tv.com\/tunisie-des-amendes-allant-jusqua-1100-dinars-pour-labandon-de-detritus-sur-la-voie-publique\/"},"modified":"2025-09-09T10:27:33","modified_gmt":"2025-09-09T07:27:33","slug":"tunisie-des-amendes-allant-jusqua-1100-dinars-pour-labandon-de-detritus-sur-la-voie-publique","status":"publish","type":"post","link":"https:\/\/live-kora-tv.com\/fr\/tunisie-des-amendes-allant-jusqua-1100-dinars-pour-labandon-de-detritus-sur-la-voie-publique\/","title":{"rendered":"Tunisie : Des amendes allant jusqu&rsquo;\u00e0 1100 dinars pour l&rsquo;abandon de d\u00e9tritus sur la voie publique"},"content":{"rendered":"\n<p><strong>Ali Ben Mohamed<\/strong>, directeur du d\u00e9partement de l&rsquo;exploitation et de l&rsquo;entretien des routes au minist\u00e8re de l&rsquo;\u00e9quipement et de l&rsquo;habitat, a annonc\u00e9, lundi 8 septembre 2025, le renforcement du contr\u00f4le des infractions li\u00e9es \u00e0 l&rsquo;espace public routier, avec des sanctions plus s\u00e9v\u00e8res \u00e0 l&rsquo;encontre des contrevenants. Cette annonce a \u00e9t\u00e9 faite lors de son intervention \u00e0 la Radio Nationale Tunisienne, o\u00f9 il a soulign\u00e9 l&rsquo;augmentation des pratiques ill\u00e9gales telles que le d\u00e9versement des d\u00e9chets de construction, les installations al\u00e9atoires et les arr\u00eats non autoris\u00e9s.<\/p>\n\n<h3 class=\"wp-block-heading\">D\u00e9tails des nouvelles sanctions<\/h3>\n\n<ul class=\"wp-block-list\">\n<li><strong>Des lois plus strictes<\/strong>: Bin Mohammed a expliqu\u00e9 que la l\u00e9gislation en vigueur avant 2017 \u00e9tait insuffisante pour d\u00e9courager les infractions, ce qui a conduit \u00e0 une r\u00e9forme l\u00e9gislative couvrant <strong>19 infractions<\/strong> li\u00e9es \u00e0 l&rsquo;espace public routier.<\/li>\n\n\n\n<li><strong>Exemples d&rsquo;amendes<\/strong>:\n<ul class=\"wp-block-list\">\n<li><strong>Abandon de d\u00e9chets de chantier<\/strong>: Amende de <strong>1 100 dinars<\/strong>.<\/li>\n\n\n\n<li><strong>Arr\u00eat ill\u00e9gal<\/strong>: Amende de <strong>330 dinars<\/strong>.<\/li>\n<\/ul>\n<\/li>\n\n\n\n<li><strong>Une application stricte<\/strong>: Les \u00c9tats ont re\u00e7u des instructions strictes pour appliquer ces sanctions, en intensifiant les patrouilles sur les routes nationales et locales.<\/li>\n\n\n\n<li><strong>M\u00e9canisme de paiement et de r\u00e9clamation<\/strong>:\n<ul class=\"wp-block-list\">\n<li>Les amendes doivent \u00eatre pay\u00e9es dans un d\u00e9lai d&rsquo;<strong>un mois<\/strong> \u00e0 compter de la date d&rsquo;enregistrement de l&rsquo;infraction, sous peine d&rsquo;\u00eatre doubl\u00e9es. <\/li>\n\n\n\n<li>Les amendes peuvent \u00eatre pay\u00e9es via la plateforme en ligne du minist\u00e8re des finances.<\/li>\n\n\n\n<li>Les recours contre les amendes sont soumis \u00e0 l&rsquo;examen du d\u00e9partement de l&rsquo;utilisation et de l&rsquo;entretien des routes.<\/li>\n<\/ul>\n<\/li>\n<\/ul>\n\n<h3 class=\"wp-block-heading\">Le contexte du probl\u00e8me<\/h3>\n\n<p>Le d\u00e9p\u00f4t de d\u00e9chets, en particulier de d\u00e9chets de construction et de mat\u00e9riaux de construction, constitue une menace pour la s\u00e9curit\u00e9 du trafic et l&rsquo;esth\u00e9tique des routes, a fait remarquer M. Ben Mohamed. Les installations al\u00e9atoires et le stationnement ill\u00e9gal ont \u00e9galement un impact n\u00e9gatif sur la fluidit\u00e9 du trafic et l&rsquo;infrastructure. Le minist\u00e8re a re\u00e7u des plaintes r\u00e9p\u00e9t\u00e9es de la part des citoyens concernant ces pratiques, a-t-il dit, ce qui a conduit \u00e0 l&rsquo;activation de mesures de contr\u00f4le.     <\/p>\n\n<h3 class=\"wp-block-heading\">Engagement du minist\u00e8re<\/h3>\n\n<p>Le minist\u00e8re de l&rsquo;\u00e9quipement a soulign\u00e9 son engagement \u00e0 prot\u00e9ger le domaine public et \u00e0 assurer la <strong>s\u00e9curit\u00e9 et la propret\u00e9 des infrastructures<\/strong>. Cette mesure fait partie d&rsquo;une strat\u00e9gie plus large qui vise \u00e0 am\u00e9liorer la qualit\u00e9 des routes, \u00e0 soutenir le d\u00e9veloppement durable et \u00e0 minimiser la pollution visuelle. Le minist\u00e8re a \u00e9galement appel\u00e9 les citoyens \u00e0 respecter les lois et \u00e0 signaler toute infraction par l&rsquo;interm\u00e9diaire de la ligne directe de la Direction r\u00e9gionale de l&rsquo;\u00e9quipement.<\/p>\n\n<h3 class=\"wp-block-heading\">Projections futures<\/h3>\n\n<p>Ces mesures devraient permettre de r\u00e9duire les infractions, d&rsquo;autant plus que le public est de plus en plus conscient de l&rsquo;importance de la propret\u00e9 des routes. Le minist\u00e8re pr\u00e9voit \u00e9galement de lancer des campagnes de sensibilisation en collaboration avec les autorit\u00e9s locales et les organisations de la soci\u00e9t\u00e9 civile afin de promouvoir un comportement civique dans l&rsquo;utilisation des voies publiques.  <\/p>\n","protected":false},"excerpt":{"rendered":"<p>Ali Ben Mohamed, directeur du d\u00e9partement de l&rsquo;exploitation et de l&rsquo;entretien des routes au minist\u00e8re de l&rsquo;\u00e9quipement et de l&rsquo;habitat, a annonc\u00e9, lundi 8 septembre 2025, le renforcement du contr\u00f4le des infractions li\u00e9es \u00e0 l&rsquo;espace public routier, avec des sanctions plus s\u00e9v\u00e8res \u00e0 l&rsquo;encontre des contrevenants. Cette annonce a \u00e9t\u00e9 faite lors de son intervention [&hellip;]<\/p>\n","protected":false},"author":4,"featured_media":9310,"comment_status":"open","ping_status":"open","sticky":false,"template":"","format":"standard","meta":{"footnotes":""},"categories":[68],"tags":[],"class_list":{"0":"post-9312","1":"post","2":"type-post","3":"status-publish","4":"format-standard","5":"has-post-thumbnail","7":"category-communaute"},"_links":{"self":[{"href":"https:\/\/live-kora-tv.com\/fr\/wp-json\/wp\/v2\/posts\/9312","targetHints":{"allow":["GET"]}}],"collection":[{"href":"https:\/\/live-kora-tv.com\/fr\/wp-json\/wp\/v2\/posts"}],"about":[{"href":"https:\/\/live-kora-tv.com\/fr\/wp-json\/wp\/v2\/types\/post"}],"author":[{"embeddable":true,"href":"https:\/\/live-kora-tv.com\/fr\/wp-json\/wp\/v2\/users\/4"}],"replies":[{"embeddable":true,"href":"https:\/\/live-kora-tv.com\/fr\/wp-json\/wp\/v2\/comments?post=9312"}],"version-history":[{"count":1,"href":"https:\/\/live-kora-tv.com\/fr\/wp-json\/wp\/v2\/posts\/9312\/revisions"}],"predecessor-version":[{"id":9313,"href":"https:\/\/live-kora-tv.com\/fr\/wp-json\/wp\/v2\/posts\/9312\/revisions\/9313"}],"wp:featuredmedia":[{"embeddable":true,"href":"https:\/\/live-kora-tv.com\/fr\/wp-json\/wp\/v2\/media\/9310"}],"wp:attachment":[{"href":"https:\/\/live-kora-tv.com\/fr\/wp-json\/wp\/v2\/media?parent=9312"}],"wp:term":[{"taxonomy":"category","embeddable":true,"href":"https:\/\/live-kora-tv.com\/fr\/wp-json\/wp\/v2\/categories?post=9312"},{"taxonomy":"post_tag","embeddable":true,"href":"https:\/\/live-kora-tv.com\/fr\/wp-json\/wp\/v2\/tags?post=9312"}],"curies":[{"name":"wp","href":"https:\/\/api.w.org\/{rel}","templated":true}]}}