{"id":9322,"date":"2025-09-09T11:22:36","date_gmt":"2025-09-09T08:22:36","guid":{"rendered":"https:\/\/live-kora-tv.com\/un-fort-tremblement-de-terre-frappe-lile-grecque-deubee-les-secousses-atteignent-athenes\/"},"modified":"2025-09-09T11:22:38","modified_gmt":"2025-09-09T08:22:38","slug":"un-fort-tremblement-de-terre-frappe-lile-grecque-deubee-les-secousses-atteignent-athenes","status":"publish","type":"post","link":"https:\/\/live-kora-tv.com\/fr\/un-fort-tremblement-de-terre-frappe-lile-grecque-deubee-les-secousses-atteignent-athenes\/","title":{"rendered":"Un fort tremblement de terre frappe l&rsquo;\u00eele grecque d&rsquo;Eub\u00e9e, les secousses atteignent Ath\u00e8nes"},"content":{"rendered":"\n<p>Un tremblement de terre d&rsquo;une magnitude de <strong>5,2<\/strong> sur l&rsquo;\u00e9chelle de Richter s&rsquo;est produit au large de la c\u00f4te sud-ouest de l&rsquo;<strong>Eub\u00e9e<\/strong>, la deuxi\u00e8me plus grande \u00eele du pays, aux premi\u00e8res heures de la matin\u00e9e de mardi, et des r\u00e9pliques ont atteint la capitale <strong>Ath\u00e8nes<\/strong>.   <\/p>\n\n<p>Selon l&rsquo;Institut g\u00e9ophysique d&rsquo;Ath\u00e8nes, le tremblement de terre s&rsquo;est produit \u00e0 <strong>00h27 heure locale<\/strong>, \u00e0 cinq kilom\u00e8tres au nord-ouest de <strong>Nea Styra<\/strong>, \u00e0 une profondeur estim\u00e9e \u00e0 seulement <strong>13,6 kilom\u00e8tres<\/strong>, et a \u00e9t\u00e9 fortement ressenti dans plusieurs r\u00e9gions.  <\/p>\n\n<p>Le maire de <strong>Marathonas<\/strong>, de l&rsquo;autre c\u00f4t\u00e9 de la baie d&rsquo;Eub\u00e9e, a confirm\u00e9 que les secousses \u00e9taient \u00ab\u00a0tr\u00e8s fortes\u00a0\u00bb, mais a d\u00e9clar\u00e9 qu&rsquo;aucun d\u00e9g\u00e2t n&rsquo;avait \u00e9t\u00e9 signal\u00e9 jusqu&rsquo;\u00e0 pr\u00e9sent. Le maire de <strong>Karstos<\/strong>, dans le sud de l&rsquo;\u00eele, a d\u00e9clar\u00e9 que son d\u00e9partement n&rsquo;avait pas non plus re\u00e7u de rapports de dommages imm\u00e9diats. <\/p>\n","protected":false},"excerpt":{"rendered":"<p>Un tremblement de terre d&rsquo;une magnitude de 5,2 sur l&rsquo;\u00e9chelle de Richter s&rsquo;est produit au large de la c\u00f4te sud-ouest de l&rsquo;Eub\u00e9e, la deuxi\u00e8me plus grande \u00eele du pays, aux premi\u00e8res heures de la matin\u00e9e de mardi, et des r\u00e9pliques ont atteint la capitale Ath\u00e8nes. Selon l&rsquo;Institut g\u00e9ophysique d&rsquo;Ath\u00e8nes, le tremblement de terre s&rsquo;est produit [&hellip;]<\/p>\n","protected":false},"author":4,"featured_media":9316,"comment_status":"open","ping_status":"open","sticky":false,"template":"","format":"standard","meta":{"footnotes":""},"categories":[69],"tags":[],"class_list":{"0":"post-9322","1":"post","2":"type-post","3":"status-publish","4":"format-standard","5":"has-post-thumbnail","7":"category-nouvelles-du-monde"},"_links":{"self":[{"href":"https:\/\/live-kora-tv.com\/fr\/wp-json\/wp\/v2\/posts\/9322","targetHints":{"allow":["GET"]}}],"collection":[{"href":"https:\/\/live-kora-tv.com\/fr\/wp-json\/wp\/v2\/posts"}],"about":[{"href":"https:\/\/live-kora-tv.com\/fr\/wp-json\/wp\/v2\/types\/post"}],"author":[{"embeddable":true,"href":"https:\/\/live-kora-tv.com\/fr\/wp-json\/wp\/v2\/users\/4"}],"replies":[{"embeddable":true,"href":"https:\/\/live-kora-tv.com\/fr\/wp-json\/wp\/v2\/comments?post=9322"}],"version-history":[{"count":1,"href":"https:\/\/live-kora-tv.com\/fr\/wp-json\/wp\/v2\/posts\/9322\/revisions"}],"predecessor-version":[{"id":9323,"href":"https:\/\/live-kora-tv.com\/fr\/wp-json\/wp\/v2\/posts\/9322\/revisions\/9323"}],"wp:featuredmedia":[{"embeddable":true,"href":"https:\/\/live-kora-tv.com\/fr\/wp-json\/wp\/v2\/media\/9316"}],"wp:attachment":[{"href":"https:\/\/live-kora-tv.com\/fr\/wp-json\/wp\/v2\/media?parent=9322"}],"wp:term":[{"taxonomy":"category","embeddable":true,"href":"https:\/\/live-kora-tv.com\/fr\/wp-json\/wp\/v2\/categories?post=9322"},{"taxonomy":"post_tag","embeddable":true,"href":"https:\/\/live-kora-tv.com\/fr\/wp-json\/wp\/v2\/tags?post=9322"}],"curies":[{"name":"wp","href":"https:\/\/api.w.org\/{rel}","templated":true}]}}