{"id":9330,"date":"2025-09-09T13:38:56","date_gmt":"2025-09-09T10:38:56","guid":{"rendered":"https:\/\/live-kora-tv.com\/m-said-met-laccent-sur-la-reforme-de-leducation-et-la-rationalisation-des-procedures-avant-la-rentree-scolaire\/"},"modified":"2025-09-09T13:38:58","modified_gmt":"2025-09-09T10:38:58","slug":"m-said-met-laccent-sur-la-reforme-de-leducation-et-la-rationalisation-des-procedures-avant-la-rentree-scolaire","status":"publish","type":"post","link":"https:\/\/live-kora-tv.com\/fr\/m-said-met-laccent-sur-la-reforme-de-leducation-et-la-rationalisation-des-procedures-avant-la-rentree-scolaire\/","title":{"rendered":"M. Said met l&rsquo;accent sur la r\u00e9forme de l&rsquo;\u00e9ducation et la rationalisation des proc\u00e9dures avant la rentr\u00e9e scolaire"},"content":{"rendered":"\n<p>Lors de sa rencontre dimanche 8 septembre au Palais de Carthage avec le Premier ministre <strong>Sara Zafarani Zanzari<\/strong>, le pr\u00e9sident tunisien <strong>Kais Saied<\/strong>a soulign\u00e9 la n\u00e9cessit\u00e9 de bien pr\u00e9parer la rentr\u00e9e scolaire et universitaire, en attendant l&rsquo;activation du <strong>Conseil sup\u00e9rieur de l&rsquo;\u00e9ducation<\/strong> et l&rsquo;engagement de r\u00e9formes fondamentales du syst\u00e8me \u00e9ducatif.<\/p>\n\n<h2 class=\"wp-block-heading\">\u00c9loge des initiatives de terrain<\/h2>\n\n<p>M. Said a salu\u00e9 la contribution de nombreux citoyens dans diverses r\u00e9gions en s&rsquo;occupant des \u00e9tablissements d&rsquo;enseignement, affirmant que cette prise de conscience refl\u00e8te le d\u00e9but de ce qu&rsquo;il a d\u00e9crit comme une \u00ab\u00a0r\u00e9volution des esprits\u00a0\u00bb et repr\u00e9sente un premier pas vers une v\u00e9ritable r\u00e9forme et l&rsquo;\u00e9tablissement d&rsquo;une nouvelle relation entre les citoyens et les institutions de l&rsquo;\u00c9tat.  <\/p>\n\n<h2 class=\"wp-block-heading\">Comptabilit\u00e9 et rationalisation<\/h2>\n\n<p>Le pr\u00e9sident a soulign\u00e9 que l&rsquo;administration devrait s&rsquo;efforcer de <strong>simplifier les proc\u00e9dures<\/strong> et de faciliter les services aux citoyens, au lieu de cr\u00e9er des obstacles qui perturbent les installations publiques et augmentent les tensions. Il a not\u00e9 que certains lobbies \u00ab\u00a0re\u00e7oivent des ordres de l&rsquo;\u00e9tranger\u00a0\u00bb pour semer la confusion \u00e0 l&rsquo;int\u00e9rieur de l&rsquo;\u00c9tat, soulignant qu&rsquo;ils n&rsquo;\u00e9chapperont pas \u00e0 l&rsquo;obligation de rendre des comptes, comme l&rsquo;ont fait leurs pr\u00e9d\u00e9cesseurs qui ont drain\u00e9 les ressources du pays.   <\/p>\n\n<h2 class=\"wp-block-heading\">Opportunit\u00e9s pour la jeunesse et la r\u00e9forme institutionnelle<\/h2>\n\n<p>Le Pr\u00e9sident de la R\u00e9publique a \u00e9galement r\u00e9it\u00e9r\u00e9 son engagement \u00e0 poursuivre les r\u00e9formes, non seulement pour restructurer un certain nombre d&rsquo;institutions publiques, mais aussi pour permettre aux jeunes de jouir de leur <strong>droit l\u00e9gitime au travail<\/strong>, tout en r\u00e9duisant le nombre d&rsquo;institutions inutiles qui ponctionnent les finances publiques sans v\u00e9ritable retour.  <\/p>\n","protected":false},"excerpt":{"rendered":"<p>Lors de sa rencontre dimanche 8 septembre au Palais de Carthage avec le Premier ministre Sara Zafarani Zanzari, le pr\u00e9sident tunisien Kais Saieda soulign\u00e9 la n\u00e9cessit\u00e9 de bien pr\u00e9parer la rentr\u00e9e scolaire et universitaire, en attendant l&rsquo;activation du Conseil sup\u00e9rieur de l&rsquo;\u00e9ducation et l&rsquo;engagement de r\u00e9formes fondamentales du syst\u00e8me \u00e9ducatif. \u00c9loge des initiatives de terrain [&hellip;]<\/p>\n","protected":false},"author":4,"featured_media":9328,"comment_status":"open","ping_status":"open","sticky":false,"template":"","format":"standard","meta":{"footnotes":""},"categories":[25],"tags":[],"class_list":{"0":"post-9330","1":"post","2":"type-post","3":"status-publish","4":"format-standard","5":"has-post-thumbnail","7":"category-actualites-politiques"},"_links":{"self":[{"href":"https:\/\/live-kora-tv.com\/fr\/wp-json\/wp\/v2\/posts\/9330","targetHints":{"allow":["GET"]}}],"collection":[{"href":"https:\/\/live-kora-tv.com\/fr\/wp-json\/wp\/v2\/posts"}],"about":[{"href":"https:\/\/live-kora-tv.com\/fr\/wp-json\/wp\/v2\/types\/post"}],"author":[{"embeddable":true,"href":"https:\/\/live-kora-tv.com\/fr\/wp-json\/wp\/v2\/users\/4"}],"replies":[{"embeddable":true,"href":"https:\/\/live-kora-tv.com\/fr\/wp-json\/wp\/v2\/comments?post=9330"}],"version-history":[{"count":1,"href":"https:\/\/live-kora-tv.com\/fr\/wp-json\/wp\/v2\/posts\/9330\/revisions"}],"predecessor-version":[{"id":9331,"href":"https:\/\/live-kora-tv.com\/fr\/wp-json\/wp\/v2\/posts\/9330\/revisions\/9331"}],"wp:featuredmedia":[{"embeddable":true,"href":"https:\/\/live-kora-tv.com\/fr\/wp-json\/wp\/v2\/media\/9328"}],"wp:attachment":[{"href":"https:\/\/live-kora-tv.com\/fr\/wp-json\/wp\/v2\/media?parent=9330"}],"wp:term":[{"taxonomy":"category","embeddable":true,"href":"https:\/\/live-kora-tv.com\/fr\/wp-json\/wp\/v2\/categories?post=9330"},{"taxonomy":"post_tag","embeddable":true,"href":"https:\/\/live-kora-tv.com\/fr\/wp-json\/wp\/v2\/tags?post=9330"}],"curies":[{"name":"wp","href":"https:\/\/api.w.org\/{rel}","templated":true}]}}