{"id":9336,"date":"2025-09-09T14:35:00","date_gmt":"2025-09-09T11:35:00","guid":{"rendered":"https:\/\/live-kora-tv.com\/coupe-davis-la-tunisie-affronte-la-suede-a-goteborg\/"},"modified":"2025-09-09T14:35:04","modified_gmt":"2025-09-09T11:35:04","slug":"coupe-davis-la-tunisie-affronte-la-suede-a-goteborg","status":"publish","type":"post","link":"https:\/\/live-kora-tv.com\/fr\/coupe-davis-la-tunisie-affronte-la-suede-a-goteborg\/","title":{"rendered":"Coupe Davis : La Tunisie affronte la Su\u00e8de \u00e0 G\u00f6teborg"},"content":{"rendered":"\n<p>La s\u00e9lection tunisienne de tennis s&rsquo;est d\u00e9plac\u00e9e aujourd&rsquo;hui, lundi 8 septembre 2025, \u00e0 la ville <strong>su\u00e9doise<\/strong> de <strong>G\u00f6teborg<\/strong> pour participer au premier groupe des comp\u00e9titions de <strong>la coupe Davis de tennis<\/strong>, a indiqu\u00e9 \u00e0 Tunis Afrique Presse (TAP) le chef du bureau provisoire de l&rsquo;universit\u00e9 tunisienne de tennis <strong>Lotfi Chelli<\/strong>.  <\/p>\n\n<h2 class=\"wp-block-heading\">Camp pr\u00e9paratoire \u00e0 l&rsquo;ar\u00e8ne de Partilla<\/h2>\n\n<p>L&rsquo;\u00e9quipe nationale organise un camp ferm\u00e9 dans la salle couverte <strong>\u00ab\u00a0Partilla Arena<\/strong> \u00a0\u00bb avec un sol dur, en pr\u00e9paration du prochain match contre l&rsquo;\u00e9quipe nationale su\u00e9doise les <strong>12 et 13 septembre.<\/strong>  <\/p>\n\n<h2 class=\"wp-block-heading\">Liste des joueurs participants<\/h2>\n\n<p>La Tunisie sera repr\u00e9sent\u00e9e par :<\/p>\n\n<ul class=\"wp-block-list\">\n<li>Moez Al Sharqi<\/li>\n\n\n\n<li>Mohammed Aziz Al-Raqa<\/li>\n\n\n\n<li>Anas Bennour Saheli<\/li>\n\n\n\n<li>Alaa Al Tarifi<\/li>\n\n\n\n<li>Ibrahim Snoussi<\/li>\n<\/ul>\n\n<p>L&rsquo;\u00e9quipe est dirig\u00e9e par l&rsquo;entra\u00eeneur <strong>Malik Jaziri<\/strong>, ancienne star du tennis tunisien.<\/p>\n\n<h2 class=\"wp-block-heading\">Des absences impressionnantes<\/h2>\n\n<p>Al Shalli a confirm\u00e9 que <strong>Mohammed Aziz Dugaz<\/strong> manquera \u00e0 l&rsquo;appel pour des raisons de sant\u00e9, tandis qu&rsquo;<strong>Iskandar Al Mansoori<\/strong>, qui se remet actuellement d&rsquo;une r\u00e9cente blessure, continuera \u00e0 manquer \u00e0 l&rsquo;appel. <\/p>\n\n<h2 class=\"wp-block-heading\">Un grand d\u00e9fi pour la Su\u00e8de<\/h2>\n\n<p>El Shalli a soulign\u00e9 l&rsquo;importance de ce match, \u00e9tant donn\u00e9 que l&rsquo;\u00e9quipe su\u00e9doise est l&rsquo;un des concurrents les plus importants dans l&rsquo;histoire de la Coupe Davis, ayant remport\u00e9 le titre \u00e0 <strong>sept reprises, ce<\/strong>qui fait de ce match un v\u00e9ritable d\u00e9fi et une occasion pr\u00e9cieuse pour l&rsquo;\u00e9quipe tunisienne de montrer ses capacit\u00e9s sur la sc\u00e8ne internationale. <\/p>\n","protected":false},"excerpt":{"rendered":"<p>La s\u00e9lection tunisienne de tennis s&rsquo;est d\u00e9plac\u00e9e aujourd&rsquo;hui, lundi 8 septembre 2025, \u00e0 la ville su\u00e9doise de G\u00f6teborg pour participer au premier groupe des comp\u00e9titions de la coupe Davis de tennis, a indiqu\u00e9 \u00e0 Tunis Afrique Presse (TAP) le chef du bureau provisoire de l&rsquo;universit\u00e9 tunisienne de tennis Lotfi Chelli. Camp pr\u00e9paratoire \u00e0 l&rsquo;ar\u00e8ne de [&hellip;]<\/p>\n","protected":false},"author":4,"featured_media":9334,"comment_status":"open","ping_status":"open","sticky":false,"template":"","format":"standard","meta":{"footnotes":""},"categories":[20],"tags":[],"class_list":{"0":"post-9336","1":"post","2":"type-post","3":"status-publish","4":"format-standard","5":"has-post-thumbnail","7":"category-actualites-sportives"},"_links":{"self":[{"href":"https:\/\/live-kora-tv.com\/fr\/wp-json\/wp\/v2\/posts\/9336","targetHints":{"allow":["GET"]}}],"collection":[{"href":"https:\/\/live-kora-tv.com\/fr\/wp-json\/wp\/v2\/posts"}],"about":[{"href":"https:\/\/live-kora-tv.com\/fr\/wp-json\/wp\/v2\/types\/post"}],"author":[{"embeddable":true,"href":"https:\/\/live-kora-tv.com\/fr\/wp-json\/wp\/v2\/users\/4"}],"replies":[{"embeddable":true,"href":"https:\/\/live-kora-tv.com\/fr\/wp-json\/wp\/v2\/comments?post=9336"}],"version-history":[{"count":1,"href":"https:\/\/live-kora-tv.com\/fr\/wp-json\/wp\/v2\/posts\/9336\/revisions"}],"predecessor-version":[{"id":9337,"href":"https:\/\/live-kora-tv.com\/fr\/wp-json\/wp\/v2\/posts\/9336\/revisions\/9337"}],"wp:featuredmedia":[{"embeddable":true,"href":"https:\/\/live-kora-tv.com\/fr\/wp-json\/wp\/v2\/media\/9334"}],"wp:attachment":[{"href":"https:\/\/live-kora-tv.com\/fr\/wp-json\/wp\/v2\/media?parent=9336"}],"wp:term":[{"taxonomy":"category","embeddable":true,"href":"https:\/\/live-kora-tv.com\/fr\/wp-json\/wp\/v2\/categories?post=9336"},{"taxonomy":"post_tag","embeddable":true,"href":"https:\/\/live-kora-tv.com\/fr\/wp-json\/wp\/v2\/tags?post=9336"}],"curies":[{"name":"wp","href":"https:\/\/api.w.org\/{rel}","templated":true}]}}