{"id":9342,"date":"2025-09-09T15:39:40","date_gmt":"2025-09-09T12:39:40","guid":{"rendered":"https:\/\/live-kora-tv.com\/infantino-felicite-la-tunisie-pour-sa-qualification-a-la-coupe-du-monde-2026\/"},"modified":"2025-09-09T15:39:42","modified_gmt":"2025-09-09T12:39:42","slug":"infantino-felicite-la-tunisie-pour-sa-qualification-a-la-coupe-du-monde-2026","status":"publish","type":"post","link":"https:\/\/live-kora-tv.com\/fr\/infantino-felicite-la-tunisie-pour-sa-qualification-a-la-coupe-du-monde-2026\/","title":{"rendered":"Infantino f\u00e9licite la Tunisie pour sa qualification \u00e0 la Coupe du Monde 2026"},"content":{"rendered":"\n<p>Le Pr\u00e9sident de la<strong>FIFA,<\/strong> <strong>Gianni Infantino,<\/strong> a f\u00e9licit\u00e9 l&rsquo;\u00e9quipe nationale tunisienne pour sa qualification officielle \u00e0 la <strong>Coupe du Monde de la<\/strong><strong>FIFA<\/strong> <strong>2026<\/strong>, apr\u00e8s que les Aigles de Carthage aient battu la <strong>Guin\u00e9e \u00e9quatoriale<\/strong> par un but \u00e0 Malabo lors du huiti\u00e8me tour des \u00e9liminatoires africaines. <\/p>\n\n<h2 class=\"wp-block-heading\">Septi\u00e8me participation dans l&rsquo;histoire de la Coupe du monde<\/h2>\n\n<p>Avec ce r\u00e9sultat, la Tunisie a consolid\u00e9 sa pr\u00e9sence historique \u00e0 la Coupe du monde, puisque l&rsquo;\u00e9dition 2026 sera la septi\u00e8me participation de l&rsquo;\u00e9quipe :  <\/p>\n\n<ul class=\"wp-block-list\">\n<li>1978<\/li>\n\n\n\n<li>1998<\/li>\n\n\n\n<li>2002<\/li>\n\n\n\n<li>2006<\/li>\n\n\n\n<li>2018<\/li>\n\n\n\n<li>2022<\/li>\n<\/ul>\n\n<p>Cette qualification confirme la continuit\u00e9 de l&rsquo;\u00e9quipe nationale tunisienne en tant que l&rsquo;un des repr\u00e9sentants les plus importants du football arabe et africain sur la sc\u00e8ne mondiale.<\/p>\n","protected":false},"excerpt":{"rendered":"<p>Le Pr\u00e9sident de laFIFA, Gianni Infantino, a f\u00e9licit\u00e9 l&rsquo;\u00e9quipe nationale tunisienne pour sa qualification officielle \u00e0 la Coupe du Monde de laFIFA 2026, apr\u00e8s que les Aigles de Carthage aient battu la Guin\u00e9e \u00e9quatoriale par un but \u00e0 Malabo lors du huiti\u00e8me tour des \u00e9liminatoires africaines. Septi\u00e8me participation dans l&rsquo;histoire de la Coupe du monde [&hellip;]<\/p>\n","protected":false},"author":4,"featured_media":9340,"comment_status":"open","ping_status":"open","sticky":false,"template":"","format":"standard","meta":{"footnotes":""},"categories":[20],"tags":[],"class_list":{"0":"post-9342","1":"post","2":"type-post","3":"status-publish","4":"format-standard","5":"has-post-thumbnail","7":"category-actualites-sportives"},"_links":{"self":[{"href":"https:\/\/live-kora-tv.com\/fr\/wp-json\/wp\/v2\/posts\/9342","targetHints":{"allow":["GET"]}}],"collection":[{"href":"https:\/\/live-kora-tv.com\/fr\/wp-json\/wp\/v2\/posts"}],"about":[{"href":"https:\/\/live-kora-tv.com\/fr\/wp-json\/wp\/v2\/types\/post"}],"author":[{"embeddable":true,"href":"https:\/\/live-kora-tv.com\/fr\/wp-json\/wp\/v2\/users\/4"}],"replies":[{"embeddable":true,"href":"https:\/\/live-kora-tv.com\/fr\/wp-json\/wp\/v2\/comments?post=9342"}],"version-history":[{"count":1,"href":"https:\/\/live-kora-tv.com\/fr\/wp-json\/wp\/v2\/posts\/9342\/revisions"}],"predecessor-version":[{"id":9343,"href":"https:\/\/live-kora-tv.com\/fr\/wp-json\/wp\/v2\/posts\/9342\/revisions\/9343"}],"wp:featuredmedia":[{"embeddable":true,"href":"https:\/\/live-kora-tv.com\/fr\/wp-json\/wp\/v2\/media\/9340"}],"wp:attachment":[{"href":"https:\/\/live-kora-tv.com\/fr\/wp-json\/wp\/v2\/media?parent=9342"}],"wp:term":[{"taxonomy":"category","embeddable":true,"href":"https:\/\/live-kora-tv.com\/fr\/wp-json\/wp\/v2\/categories?post=9342"},{"taxonomy":"post_tag","embeddable":true,"href":"https:\/\/live-kora-tv.com\/fr\/wp-json\/wp\/v2\/tags?post=9342"}],"curies":[{"name":"wp","href":"https:\/\/api.w.org\/{rel}","templated":true}]}}