{"id":9348,"date":"2025-09-09T16:51:22","date_gmt":"2025-09-09T13:51:22","guid":{"rendered":"https:\/\/live-kora-tv.com\/larmee-israelienne-lance-une-attaque-contre-les-dirigeants-du-hamas-a-doha-un-sommet-brulant-suscite-un-debat-international\/"},"modified":"2025-09-09T16:51:24","modified_gmt":"2025-09-09T13:51:24","slug":"larmee-israelienne-lance-une-attaque-contre-les-dirigeants-du-hamas-a-doha-un-sommet-brulant-suscite-un-debat-international","status":"publish","type":"post","link":"https:\/\/live-kora-tv.com\/fr\/larmee-israelienne-lance-une-attaque-contre-les-dirigeants-du-hamas-a-doha-un-sommet-brulant-suscite-un-debat-international\/","title":{"rendered":"L&rsquo;arm\u00e9e isra\u00e9lienne lance une attaque contre les dirigeants du Hamas \u00e0 Doha : Un \u00ab\u00a0sommet br\u00fblant\u00a0\u00bb suscite un d\u00e9bat international"},"content":{"rendered":"\n<p>Les <strong>Forces de d\u00e9fense isra\u00e9liennes (Tzahal<\/strong><strong>) et le Service g\u00e9n\u00e9ral de s\u00e9curit\u00e9 (Shabak<\/strong> ) ont annonc\u00e9 que l&rsquo;<strong>Arm\u00e9e de l&rsquo;air isra\u00e9lienne (IAF)<\/strong> a men\u00e9 une attaque de pr\u00e9cision visant les <strong>hauts responsables du Hamas<\/strong> dans la capitale qatarie, <strong>Doha<\/strong>, le mardi 9 septembre 2025, dans le cadre d&rsquo;une op\u00e9ration dont le nom de code est <strong>\u00ab\u00a0Fire Summit\u00a0\u00bb (Sommet du feu)<\/strong>. Cette op\u00e9ration est la premi\u00e8re du genre, Isra\u00ebl n&rsquo;ayant jamais men\u00e9 d&rsquo;attaques sur le territoire du Qatar, alli\u00e9 cl\u00e9 des \u00c9tats-Unis et m\u00e9diateur dans les n\u00e9gociations de paix entre Isra\u00ebl et le Hamas. <\/p>\n\n<h4 class=\"wp-block-heading\"><strong>D\u00e9tails de l&rsquo;op\u00e9ration<\/strong><\/h4>\n\n<p>Selon le communiqu\u00e9 des FDI, l&rsquo;attaque visait les dirigeants du Hamas qui \u00ab\u00a0ont dirig\u00e9 les activit\u00e9s de l&rsquo;organisation terroriste pendant des ann\u00e9es et portent la responsabilit\u00e9 directe de l&rsquo;organisation du massacre du 7 octobre 2023 et de la guerre contre l&rsquo;\u00c9tat d&rsquo;Isra\u00ebl\u00a0\u00bb. Le porte-parole de l&rsquo;arm\u00e9e a soulign\u00e9 que l&rsquo;op\u00e9ration comprenait \u00ab\u00a0des mesures visant \u00e0 minimiser les dommages caus\u00e9s aux civils, y compris l&rsquo;utilisation d&rsquo;armes de haute pr\u00e9cision et de renseignements suppl\u00e9mentaires\u00a0\u00bb. Selon <strong>CNN<\/strong>, des sources isra\u00e9liennes ont indiqu\u00e9 que l&rsquo;attaque visait une r\u00e9union des dirigeants du Hamas dans le quartier <strong>Qattara<\/strong> de Doha, o\u00f9 ils discutaient d&rsquo;une proposition am\u00e9ricaine de cessez-le-feu et de lib\u00e9ration d&rsquo;otages.      <\/p>\n\n<h4 class=\"wp-block-heading\"><strong>Objectifs pr\u00e9sum\u00e9s<\/strong><\/h4>\n\n<p>Les m\u00e9dias indiquent que l&rsquo;attentat visait des membres importants du bureau politique du Hamas, notamment : <\/p>\n\n<ul class=\"wp-block-list\">\n<li><strong>Khalil<\/strong> <strong>al-Haya<\/strong> (chef adjoint du bureau politique), dont le d\u00e9c\u00e8s a \u00e9t\u00e9 rapport\u00e9 par <strong>Al-Arabiya<\/strong>. <\/li>\n\n\n\n<li><strong>Khaled Meshaal<\/strong> (ancien chef du bureau politique).<\/li>\n\n\n\n<li><strong>Mohammed Darwish<\/strong> (Pr\u00e9sident du Conseil de la Shura).<\/li>\n\n\n\n<li><strong>Razi Hamad<\/strong> (membre du Bureau politique).<\/li>\n\n\n\n<li><strong>Izzat al-Rishq<\/strong> (membre du bureau politique).<\/li>\n<\/ul>\n\n<p>La cha\u00eene de t\u00e9l\u00e9vision irakienne <strong>Sabereen News<\/strong> a rapport\u00e9 que <strong>12 explosions<\/strong> avaient \u00e9t\u00e9 entendues \u00e0 Doha et que de la fum\u00e9e s&rsquo;\u00e9levait au-dessus du quartier d&rsquo;Al-Qatara, ce qui a \u00e9t\u00e9 confirm\u00e9 par des images publi\u00e9es par <strong>Reuters<\/strong>. Toutefois, Isra\u00ebl n&rsquo;a pas confirm\u00e9 officiellement le nombre de victimes ou l&rsquo;issue de l&rsquo;op\u00e9ration.  <\/p>\n\n<h4 class=\"wp-block-heading\"><strong>Qatar R\u00e9pondre<\/strong><\/h4>\n\n<p>Le <strong>minist\u00e8re qatari des affaires \u00e9trang\u00e8res<\/strong> a condamn\u00e9 l&rsquo;attentat, le qualifiant d'\u00a0\u00bbattaque l\u00e2che\u00a0\u00bb qui visait des immeubles r\u00e9sidentiels abritant des membres du bureau politique du Hamas. Le porte-parole <strong>Majid al-Ansari<\/strong> a d\u00e9clar\u00e9 : \u00ab\u00a0Cet attentat constitue une violation flagrante des lois internationales et menace le bureau politique du Hamas : \u00ab\u00a0Cette attaque constitue une violation flagrante des lois internationales et menace la s\u00e9curit\u00e9 des citoyens et des r\u00e9sidents qataris. Le minist\u00e8re a indiqu\u00e9 que des enqu\u00eates \u00e9taient en cours au \u00ab\u00a0plus haut niveau\u00a0\u00bb pour d\u00e9terminer les circonstances de l&rsquo;incident.  <\/p>\n\n<h4 class=\"wp-block-heading\"><strong>R\u00e9actions et r\u00e9percussions<\/strong><\/h4>\n\n<ul class=\"wp-block-list\">\n<li><strong>Isra\u00ebl<\/strong>: <strong>Ynet<\/strong> a rapport\u00e9 que les membres du gouvernement isra\u00e9lien, y compris les ministres militaires et politiques, n&rsquo;ont pas \u00e9t\u00e9 inform\u00e9s \u00e0 l&rsquo;avance de l&rsquo;op\u00e9ration, ce qui a suscit\u00e9 une controverse interne. Une source isra\u00e9lienne a d\u00e9clar\u00e9 \u00e0 <strong>CNN<\/strong> que l&rsquo;op\u00e9ration avait \u00e9t\u00e9 men\u00e9e avec l&rsquo;approbation tacite des \u00c9tats-Unis, ce qui n&rsquo;a pas \u00e9t\u00e9 officiellement confirm\u00e9 par Washington.     <\/li>\n\n\n\n<li><strong>Hamas<\/strong>: Une source au sein du mouvement a confirm\u00e9 \u00e0 Al<strong>Jazeera<\/strong> que l&rsquo;attentat visait une d\u00e9l\u00e9gation de n\u00e9gociateurs, ce qui pourrait compromettre les pourparlers sur le cessez-le-feu. Le mouvement a condamn\u00e9 l&rsquo;attentat comme \u00e9tant \u00ab\u00a0une tentative de d\u00e9truire les efforts de m\u00e9diation du Qatar\u00a0\u00bb.  <\/li>\n\n\n\n<li>La <strong>communaut\u00e9 internationale<\/strong>: L&rsquo;<strong>Iran<\/strong> a condamn\u00e9 l&rsquo;attaque, la qualifiant de \u00ab\u00a0grave violation du droit international\u00a0\u00bb, tandis qu&rsquo;un diplomate qatari a d\u00e9clar\u00e9 \u00e0 Sky<strong>News<\/strong> qu&rsquo;une \u00ab\u00a0enqu\u00eate internationale\u00a0\u00bb sur l&rsquo;incident \u00e9tait n\u00e9cessaire.  <\/li>\n<\/ul>\n\n<h4 class=\"wp-block-heading\"><strong>Historique du processus<\/strong><\/h4>\n\n<p>Cette frappe est sans pr\u00e9c\u00e9dent, car le Qatar accueille les dirigeants du Hamas depuis 2011 \u00e0 la demande des \u00c9tats-Unis et joue le r\u00f4le de m\u00e9diateur dans les n\u00e9gociations de paix. Selon <strong>Reuters<\/strong>, les dirigeants du Hamas pr\u00e9sents \u00e0 Doha discutaient d&rsquo;une nouvelle proposition am\u00e9ricaine, pr\u00e9sent\u00e9e par l&rsquo;envoy\u00e9 am\u00e9ricain <strong>Steve Witkoff<\/strong>, qui pr\u00e9voyait la lib\u00e9ration des otages dans les 48 heures en \u00e9change d&rsquo;un cessez-le-feu. Isra\u00ebl a men\u00e9 des op\u00e9rations similaires contre des dirigeants du Hamas \u00e0 Gaza, au Liban et en Iran, mais c&rsquo;est la premi\u00e8re fois qu&rsquo;il s&rsquo;en prend \u00e0 des dirigeants du Hamas au Qatar.   <\/p>\n\n<h4 class=\"wp-block-heading\"><strong>R\u00e9percussions possibles<\/strong><\/h4>\n\n<ul class=\"wp-block-list\">\n<li><strong>M\u00e9diation qatarie<\/strong>: L&rsquo;attentat pourrait entra\u00eener la suspension du r\u00f4le de m\u00e9diateur du Qatar, Doha ayant exprim\u00e9 son m\u00e9contentement face \u00e0 \u00ab\u00a0l&rsquo;atteinte \u00e0 sa souverainet\u00e9\u00a0\u00bb.<\/li>\n\n\n\n<li><strong>N\u00e9gociations de paix<\/strong>: Selon le<strong>Times of Israel<\/strong>, on craint que l&rsquo;attentat ne retarde les n\u00e9gociations sur la lib\u00e9ration des otages, dont <strong>48<\/strong> sont toujours d\u00e9tenus \u00e0 Gaza. <\/li>\n\n\n\n<li><strong>Relations Isra\u00ebl-Qatar<\/strong>: L&rsquo;attentat pourrait affecter les relations entre Isra\u00ebl et le Qatar, qui accueille la base am\u00e9ricaine d&rsquo;<strong>Al Aydid<\/strong>, et soulever des questions quant \u00e0 la r\u00e9action des \u00c9tats-Unis. <\/li>\n<\/ul>\n","protected":false},"excerpt":{"rendered":"<p>Les Forces de d\u00e9fense isra\u00e9liennes (Tzahal) et le Service g\u00e9n\u00e9ral de s\u00e9curit\u00e9 (Shabak ) ont annonc\u00e9 que l&rsquo;Arm\u00e9e de l&rsquo;air isra\u00e9lienne (IAF) a men\u00e9 une attaque de pr\u00e9cision visant les hauts responsables du Hamas dans la capitale qatarie, Doha, le mardi 9 septembre 2025, dans le cadre d&rsquo;une op\u00e9ration dont le nom de code est [&hellip;]<\/p>\n","protected":false},"author":4,"featured_media":9346,"comment_status":"open","ping_status":"open","sticky":false,"template":"","format":"standard","meta":{"footnotes":""},"categories":[69],"tags":[],"class_list":{"0":"post-9348","1":"post","2":"type-post","3":"status-publish","4":"format-standard","5":"has-post-thumbnail","7":"category-nouvelles-du-monde"},"_links":{"self":[{"href":"https:\/\/live-kora-tv.com\/fr\/wp-json\/wp\/v2\/posts\/9348","targetHints":{"allow":["GET"]}}],"collection":[{"href":"https:\/\/live-kora-tv.com\/fr\/wp-json\/wp\/v2\/posts"}],"about":[{"href":"https:\/\/live-kora-tv.com\/fr\/wp-json\/wp\/v2\/types\/post"}],"author":[{"embeddable":true,"href":"https:\/\/live-kora-tv.com\/fr\/wp-json\/wp\/v2\/users\/4"}],"replies":[{"embeddable":true,"href":"https:\/\/live-kora-tv.com\/fr\/wp-json\/wp\/v2\/comments?post=9348"}],"version-history":[{"count":1,"href":"https:\/\/live-kora-tv.com\/fr\/wp-json\/wp\/v2\/posts\/9348\/revisions"}],"predecessor-version":[{"id":9349,"href":"https:\/\/live-kora-tv.com\/fr\/wp-json\/wp\/v2\/posts\/9348\/revisions\/9349"}],"wp:featuredmedia":[{"embeddable":true,"href":"https:\/\/live-kora-tv.com\/fr\/wp-json\/wp\/v2\/media\/9346"}],"wp:attachment":[{"href":"https:\/\/live-kora-tv.com\/fr\/wp-json\/wp\/v2\/media?parent=9348"}],"wp:term":[{"taxonomy":"category","embeddable":true,"href":"https:\/\/live-kora-tv.com\/fr\/wp-json\/wp\/v2\/categories?post=9348"},{"taxonomy":"post_tag","embeddable":true,"href":"https:\/\/live-kora-tv.com\/fr\/wp-json\/wp\/v2\/tags?post=9348"}],"curies":[{"name":"wp","href":"https:\/\/api.w.org\/{rel}","templated":true}]}}