{"id":977,"date":"2024-12-04T16:00:28","date_gmt":"2024-12-04T15:00:28","guid":{"rendered":"https:\/\/live-kora-tv.com\/?p=977"},"modified":"2024-12-04T16:00:31","modified_gmt":"2024-12-04T15:00:31","slug":"cote-divoire-des-fonds-de-64-milliards-de-dollars-dans-les-minerais-le-1er-producteur-mondial-de-cacao-se-diversifie","status":"publish","type":"post","link":"https:\/\/live-kora-tv.com\/fr\/cote-divoire-des-fonds-de-64-milliards-de-dollars-dans-les-minerais-le-1er-producteur-mondial-de-cacao-se-diversifie\/","title":{"rendered":"C\u00f4te d\u2019Ivoire : Des fonds de 6,4 milliards de dollars dans les minerais, le 1er producteur mondial de cacao se diversifie"},"content":{"rendered":"\n<p>La C\u00f4te d\u2019Ivoire, leader mondial du cacao et troisi\u00e8me exportateur de caf\u00e9, a d\u00e9cid\u00e9 de diversifier ses sources de revenus, s\u2019inspirant des mod\u00e8les des pays du Golfe. En misant sur ses ressources mini\u00e8res et p\u00e9troli\u00e8res, le pays ambitionne de devenir un acteur majeur des industries extractives en Afrique. La premi\u00e8re \u00e9dition du Salon international des Ressources extractives et \u00e9nerg\u00e9tiques (<strong>SIREXE<\/strong>) a marqu\u00e9 un tournant d\u00e9cisif, avec des contrats d\u2019investissement atteignant pr\u00e8s de <strong>6,4 milliards de dollars<\/strong> (4 000 milliards FCFA).<\/p>\n\n\n\n<p>Parmi les ressources strat\u00e9giques figurent le coltan, le nickel, le lithium et l\u2019or, des tr\u00e9sors enfouis qui renforcent le potentiel \u00e9conomique du pays. Gr\u00e2ce aux accords scell\u00e9s au SIREXE, la C\u00f4te d\u2019Ivoire se positionne d\u00e9sormais aux c\u00f4t\u00e9s des grands du continent, tels que l\u2019Afrique du Sud, la RDC et le Ghana.<\/p>\n\n\n\n<p>La Commissaire g\u00e9n\u00e9rale adjointe du SIREXE, <strong>Aka Mireille Chiniango<\/strong>, a annonc\u00e9 ces avanc\u00e9es le 1er d\u00e9cembre 2024. Parmi les partenariats notables figure un accord entre l\u2019\u00e9nerg\u00e9ticien italien <strong>ENI<\/strong> et le minist\u00e8re des Mines ivoirien pour la cession de <strong>quatre nouveaux blocs d\u2019exploration<\/strong> dans les eaux profondes. Un autre contrat sign\u00e9 avec ENI et le minist\u00e8re des Eaux et For\u00eats porte sur un projet de restauration de <strong>14 for\u00eats couvrant 155 000 hectares<\/strong> dans les r\u00e9gions des Lagunes et de la Como\u00e9.<\/p>\n\n\n\n<p>Un partenariat strat\u00e9gique a \u00e9galement \u00e9t\u00e9 conclu entre <strong>Petroci Holding<\/strong> et le g\u00e9ant p\u00e9trolier angolais <strong>Sonangol<\/strong> pour financer et exploiter une base int\u00e9gr\u00e9e de services logistiques \u00e0 Abidjan. Ces collaborations illustrent la dynamique de croissance du secteur extractif ivoirien.<\/p>\n\n\n\n<p>La mise en place d\u2019un <strong>Fonds d\u2019investissement minier<\/strong> constitue une autre avanc\u00e9e majeure. Ce fonds vise \u00e0 mobiliser des ressources pour soutenir les entreprises mini\u00e8res, inciter les communaut\u00e9s locales \u00e0 participer au d\u00e9veloppement du secteur et garantir un partage \u00e9quitable des b\u00e9n\u00e9fices.<\/p>\n\n\n\n<p>En 2023, les recettes extractives de la C\u00f4te d\u2019Ivoire ont atteint <strong>372 milliards FCFA<\/strong> (pr\u00e8s de 595 millions de dollars), t\u00e9moignant de l\u2019impact croissant du secteur sur l\u2019\u00e9conomie nationale. Avec des financements cons\u00e9quents dans l\u2019exploration et l\u2019exploitation, le pays esp\u00e8re d\u00e9cupler ses gains dans les ann\u00e9es \u00e0 venir.<\/p>\n\n\n\n<p>Enfin, la C\u00f4te d\u2019Ivoire reste fid\u00e8le \u00e0 son engagement environnemental. Le programme <strong>\u00ab Transition Bas Carbone \u00bb<\/strong>, lanc\u00e9 en novembre 2023, vise \u00e0 concilier croissance \u00e9conomique et respect de l\u2019environnement, en r\u00e9duisant les \u00e9missions de gaz \u00e0 effet de serre. Ce mod\u00e8le de d\u00e9veloppement durable refl\u00e8te la volont\u00e9 d\u2019Abidjan de b\u00e2tir une prosp\u00e9rit\u00e9 inclusive sans compromettre la sant\u00e9 de la plan\u00e8te.<\/p>\n","protected":false},"excerpt":{"rendered":"<p>La C\u00f4te d\u2019Ivoire, leader mondial du cacao et troisi\u00e8me exportateur de caf\u00e9, a d\u00e9cid\u00e9 de diversifier ses sources de revenus, s\u2019inspirant des mod\u00e8les des pays du Golfe. En misant sur ses ressources mini\u00e8res et p\u00e9troli\u00e8res, le pays ambitionne de devenir un acteur majeur des industries extractives en Afrique. La premi\u00e8re \u00e9dition du Salon international des [&hellip;]<\/p>\n","protected":false},"author":1,"featured_media":978,"comment_status":"open","ping_status":"open","sticky":false,"template":"","format":"standard","meta":{"footnotes":""},"categories":[24],"tags":[],"class_list":{"0":"post-977","1":"post","2":"type-post","3":"status-publish","4":"format-standard","5":"has-post-thumbnail","7":"category-economie-et-affaires"},"_links":{"self":[{"href":"https:\/\/live-kora-tv.com\/fr\/wp-json\/wp\/v2\/posts\/977","targetHints":{"allow":["GET"]}}],"collection":[{"href":"https:\/\/live-kora-tv.com\/fr\/wp-json\/wp\/v2\/posts"}],"about":[{"href":"https:\/\/live-kora-tv.com\/fr\/wp-json\/wp\/v2\/types\/post"}],"author":[{"embeddable":true,"href":"https:\/\/live-kora-tv.com\/fr\/wp-json\/wp\/v2\/users\/1"}],"replies":[{"embeddable":true,"href":"https:\/\/live-kora-tv.com\/fr\/wp-json\/wp\/v2\/comments?post=977"}],"version-history":[{"count":1,"href":"https:\/\/live-kora-tv.com\/fr\/wp-json\/wp\/v2\/posts\/977\/revisions"}],"predecessor-version":[{"id":980,"href":"https:\/\/live-kora-tv.com\/fr\/wp-json\/wp\/v2\/posts\/977\/revisions\/980"}],"wp:featuredmedia":[{"embeddable":true,"href":"https:\/\/live-kora-tv.com\/fr\/wp-json\/wp\/v2\/media\/978"}],"wp:attachment":[{"href":"https:\/\/live-kora-tv.com\/fr\/wp-json\/wp\/v2\/media?parent=977"}],"wp:term":[{"taxonomy":"category","embeddable":true,"href":"https:\/\/live-kora-tv.com\/fr\/wp-json\/wp\/v2\/categories?post=977"},{"taxonomy":"post_tag","embeddable":true,"href":"https:\/\/live-kora-tv.com\/fr\/wp-json\/wp\/v2\/tags?post=977"}],"curies":[{"name":"wp","href":"https:\/\/api.w.org\/{rel}","templated":true}]}}