{"id":981,"date":"2024-12-04T16:04:04","date_gmt":"2024-12-04T15:04:04","guid":{"rendered":"https:\/\/live-kora-tv.com\/?p=981"},"modified":"2024-12-04T16:04:07","modified_gmt":"2024-12-04T15:04:07","slug":"le-kef-lancement-dune-campagne-dabattage-des-chiens-errants","status":"publish","type":"post","link":"https:\/\/live-kora-tv.com\/fr\/le-kef-lancement-dune-campagne-dabattage-des-chiens-errants\/","title":{"rendered":"Le Kef : Lancement d\u2019une campagne d\u2019abattage des chiens errants"},"content":{"rendered":"\n<p>La municipalit\u00e9 du Kef a annonc\u00e9, le mardi 3 d\u00e9cembre 2024, le d\u00e9but d\u2019une campagne visant \u00e0 abattre les chiens errants dans l\u2019ensemble de la zone relevant de la comp\u00e9tence de la police nationale. Cette op\u00e9ration, qui a d\u00e9but\u00e9 le jour m\u00eame, se d\u00e9roulera jusqu\u2019au 31 d\u00e9cembre 2024, entre minuit et 3 heures du matin.<\/p>\n\n\n\n<p>Les autorit\u00e9s locales, par la voix de la municipalit\u00e9, ont appel\u00e9 les citoyens \u00e0 la vigilance afin d\u2019\u00e9viter tout accident durant cette p\u00e9riode. Cette initiative intervient dans le cadre de la gestion des risques li\u00e9s aux chiens errants, notamment pour garantir la s\u00e9curit\u00e9 des habitants.<\/p>\n","protected":false},"excerpt":{"rendered":"<p>La municipalit\u00e9 du Kef a annonc\u00e9, le mardi 3 d\u00e9cembre 2024, le d\u00e9but d\u2019une campagne visant \u00e0 abattre les chiens errants dans l\u2019ensemble de la zone relevant de la comp\u00e9tence de la police nationale. Cette op\u00e9ration, qui a d\u00e9but\u00e9 le jour m\u00eame, se d\u00e9roulera jusqu\u2019au 31 d\u00e9cembre 2024, entre minuit et 3 heures du matin. [&hellip;]<\/p>\n","protected":false},"author":1,"featured_media":982,"comment_status":"open","ping_status":"open","sticky":false,"template":"","format":"standard","meta":{"footnotes":""},"categories":[23],"tags":[],"class_list":{"0":"post-981","1":"post","2":"type-post","3":"status-publish","4":"format-standard","5":"has-post-thumbnail","7":"category-culture-et-societe"},"_links":{"self":[{"href":"https:\/\/live-kora-tv.com\/fr\/wp-json\/wp\/v2\/posts\/981","targetHints":{"allow":["GET"]}}],"collection":[{"href":"https:\/\/live-kora-tv.com\/fr\/wp-json\/wp\/v2\/posts"}],"about":[{"href":"https:\/\/live-kora-tv.com\/fr\/wp-json\/wp\/v2\/types\/post"}],"author":[{"embeddable":true,"href":"https:\/\/live-kora-tv.com\/fr\/wp-json\/wp\/v2\/users\/1"}],"replies":[{"embeddable":true,"href":"https:\/\/live-kora-tv.com\/fr\/wp-json\/wp\/v2\/comments?post=981"}],"version-history":[{"count":1,"href":"https:\/\/live-kora-tv.com\/fr\/wp-json\/wp\/v2\/posts\/981\/revisions"}],"predecessor-version":[{"id":984,"href":"https:\/\/live-kora-tv.com\/fr\/wp-json\/wp\/v2\/posts\/981\/revisions\/984"}],"wp:featuredmedia":[{"embeddable":true,"href":"https:\/\/live-kora-tv.com\/fr\/wp-json\/wp\/v2\/media\/982"}],"wp:attachment":[{"href":"https:\/\/live-kora-tv.com\/fr\/wp-json\/wp\/v2\/media?parent=981"}],"wp:term":[{"taxonomy":"category","embeddable":true,"href":"https:\/\/live-kora-tv.com\/fr\/wp-json\/wp\/v2\/categories?post=981"},{"taxonomy":"post_tag","embeddable":true,"href":"https:\/\/live-kora-tv.com\/fr\/wp-json\/wp\/v2\/tags?post=981"}],"curies":[{"name":"wp","href":"https:\/\/api.w.org\/{rel}","templated":true}]}}